{"id":5169,"date":"2023-10-23T10:33:38","date_gmt":"2023-10-23T13:33:38","guid":{"rendered":"https:\/\/cbxonline.com.br\/?p=5169"},"modified":"2023-10-23T10:33:41","modified_gmt":"2023-10-23T13:33:41","slug":"video-mostra-momento-de-fuga-dos-detentos-em-carro-de-luxo-pela-avenida-gal-costa-assista","status":"publish","type":"post","link":"https:\/\/cbxonline.com.br\/index.php\/2023\/10\/23\/video-mostra-momento-de-fuga-dos-detentos-em-carro-de-luxo-pela-avenida-gal-costa-assista\/","title":{"rendered":"V\u00eddeo mostra momento de fuga dos detentos em carro de luxo pela Avenida Gal Costa; assista"},"content":{"rendered":"\n<p>A\u00a0fuga de sete detentos, do Complexo Penitenci\u00e1rio da Mata Escura, em Salvador,\u00a0na tarde deste s\u00e1bado (21), assustou aos moradores da regi\u00e3o. Um v\u00eddeo, obtido pela reportagem mostra o momento exato em que os\u00a0fugitivos deixam a unidade prisional.<\/p>\n\n\n\n<p>Nas imagens, \u00e9 poss\u00edvel ver o momento em que os detentos entram em dois carros de luxo, na Avenida Gal Costa, que j\u00e1 aguardavam para fuga. Os ve\u00edculos estavam parados na via e sa\u00edram em alta velocidade logo ap\u00f3s &#8220;resgate&#8221; dos fugitivos.<\/p>\n\n\n\n<figure class=\"wp-block-embed is-type-video is-provider-dailymotion wp-block-embed-dailymotion wp-embed-aspect-9-16 wp-has-aspect-ratio\"><div class=\"wp-block-embed__wrapper\">\n<iframe title=\"V\u00eddeo mostra momento de fuga dos detentos em carro de luxo pela Avenida Gal Costa\" frameborder=\"0\" width=\"425\" height=\"750\" src=\"https:\/\/geo.dailymotion.com\/player.html?video=x8p08oy&#038;\" allowfullscreen allow=\"autoplay; fullscreen; picture-in-picture; web-share\"><\/iframe>\n<\/div><figcaption class=\"wp-element-caption\">For\u00e7as de seguran\u00e7a do estado da Bahia realizam uma\u00a0opera\u00e7\u00e3o para prender os detentos que fugiram do pres\u00eddio.\u00a0Participam da opera\u00e7\u00e3o, as secretarias da Seguran\u00e7a P\u00fablica da Bahia (SSP-BA) e da Administra\u00e7\u00e3o Penitenci\u00e1ria e Ressocializa\u00e7\u00e3o (SEAP-BA) , que atuam integradas atrav\u00e9s de equipes das pol\u00edcias Militar, Civil e Penal para recapturar os criminosos. Al\u00e9m disso, Equipes do Batalh\u00e3o de Guardas, da Rondesp Central e do Grupamento A\u00e9reo (Graer) realizam varreduras no per\u00edmetro do Complexo.<br>Quem souber informa\u00e7\u00f5es sobre os detentos pode ligar para os telefones 181 (Disque Den\u00fancia) e 190 (Centro Integrado de Comunica\u00e7\u00f5es).<br>A reportagem do\u00a0BNews\u00a0teve acesso aos nomes e fotos dos fugitivos, s\u00e3o eles:<\/figcaption><\/figure>\n\n\n\n<p>&#8211; Virginio de Alc\u00e2ntara Filho &#8211; I 08;<br>&#8211; Elivelton de Jesus Santos &#8211; H 01;<br>&#8211; Jefferson Silva Souza &#8211; D 10;<br>&#8211; \u00cdkaro da Costa Santos &#8211; B 07;<br>&#8211; Jeferson Silva de Carvalho &#8211; B 02;<br>&#8211; Flavio Bastos Carneiro &#8211; A 7;<br>&#8211; F\u00e1bio Souza dos Santos &#8211; C 04;<\/p>\n\n\n\n<figure class=\"wp-block-image\"><img decoding=\"async\" src=\"https:\/\/www.bnews.com.br\/media\/uploads\/outubro_2023\/agaeg.png\" alt=\"1\"\/><\/figure>\n\n\n\n<figure class=\"wp-block-image\"><img decoding=\"async\" src=\"https:\/\/www.bnews.com.br\/media\/uploads\/outubro_2023\/ffrrge.png\" alt=\"2\"\/><\/figure>\n\n\n\n<figure class=\"wp-block-image\"><img decoding=\"async\" src=\"https:\/\/www.bnews.com.br\/media\/uploads\/outubro_2023\/agqegb.png\" alt=\"3\"\/><\/figure>\n\n\n\n<p>Fonte: Bnews <a href=\"https:\/\/www.bnews.com.br\/noticias\/politica\/jeronimo-rodrigues-define-candidato-para-eleicoes-de-2024-saiba-quem.html\"><\/a><\/p>\n","protected":false},"excerpt":{"rendered":"<p>A\u00a0fuga de sete detentos, do Complexo Penitenci\u00e1rio da Mata Escura, em Salvador,\u00a0na tarde deste s\u00e1bado (21), assustou aos moradores da regi\u00e3o. Um v\u00eddeo, obtido pela reportagem mostra o momento exato em que os\u00a0fugitivos deixam a unidade prisional. Nas imagens, \u00e9 poss\u00edvel ver o momento em que os detentos entram em dois carros de luxo, na [&hellip;]<\/p>\n","protected":false},"author":2,"featured_media":5170,"comment_status":"open","ping_status":"open","sticky":false,"template":"","format":"standard","meta":{"jnews-multi-image_gallery":[],"jnews_single_post":{"subtitle":"","format":"standard","video":"","gallery":"","source_name":"","source_url":"","via_name":"","via_url":"","override_template":"0","override":[{"template":"1","single_blog_custom":"","parallax":"1","fullscreen":"1","layout":"right-sidebar","sidebar":"default-sidebar","second_sidebar":"default-sidebar","sticky_sidebar":"1","share_position":"top","share_float_style":"share-monocrhome","show_share_counter":"0","show_view_counter":"0","show_featured":"1","show_post_meta":"1","show_post_author":"0","show_post_author_image":"1","show_post_date":"1","post_date_format":"default","post_date_format_custom":"Y\/m\/d","show_post_category":"1","show_post_reading_time":"0","post_reading_time_wpm":"300","show_zoom_button":"0","zoom_button_out_step":"2","zoom_button_in_step":"3","show_post_tag":"1","show_prev_next_post":"1","show_popup_post":"1","number_popup_post":"1","show_author_box":"0","show_post_related":"0","show_inline_post_related":"0"}],"override_image_size":"0","image_override":[{"single_post_thumbnail_size":"no-crop","single_post_gallery_size":"crop-715"}],"trending_post":"0","trending_post_position":"meta","trending_post_label":"Trending","sponsored_post":"0","sponsored_post_label":"Sponsored by","sponsored_post_name":"","sponsored_post_url":"","sponsored_post_logo_enable":"0","sponsored_post_logo":"","sponsored_post_desc":"","disable_ad":"0"},"jnews_primary_category":{"id":"","hide":""},"footnotes":""},"categories":[105],"tags":[],"class_list":["post-5169","post","type-post","status-publish","format-standard","has-post-thumbnail","hentry","category-policia"],"_links":{"self":[{"href":"https:\/\/cbxonline.com.br\/index.php\/wp-json\/wp\/v2\/posts\/5169","targetHints":{"allow":["GET"]}}],"collection":[{"href":"https:\/\/cbxonline.com.br\/index.php\/wp-json\/wp\/v2\/posts"}],"about":[{"href":"https:\/\/cbxonline.com.br\/index.php\/wp-json\/wp\/v2\/types\/post"}],"author":[{"embeddable":true,"href":"https:\/\/cbxonline.com.br\/index.php\/wp-json\/wp\/v2\/users\/2"}],"replies":[{"embeddable":true,"href":"https:\/\/cbxonline.com.br\/index.php\/wp-json\/wp\/v2\/comments?post=5169"}],"version-history":[{"count":1,"href":"https:\/\/cbxonline.com.br\/index.php\/wp-json\/wp\/v2\/posts\/5169\/revisions"}],"predecessor-version":[{"id":5171,"href":"https:\/\/cbxonline.com.br\/index.php\/wp-json\/wp\/v2\/posts\/5169\/revisions\/5171"}],"wp:featuredmedia":[{"embeddable":true,"href":"https:\/\/cbxonline.com.br\/index.php\/wp-json\/wp\/v2\/media\/5170"}],"wp:attachment":[{"href":"https:\/\/cbxonline.com.br\/index.php\/wp-json\/wp\/v2\/media?parent=5169"}],"wp:term":[{"taxonomy":"category","embeddable":true,"href":"https:\/\/cbxonline.com.br\/index.php\/wp-json\/wp\/v2\/categories?post=5169"},{"taxonomy":"post_tag","embeddable":true,"href":"https:\/\/cbxonline.com.br\/index.php\/wp-json\/wp\/v2\/tags?post=5169"}],"curies":[{"name":"wp","href":"https:\/\/api.w.org\/{rel}","templated":true}]}}