{"id":5133,"date":"2023-10-19T15:49:29","date_gmt":"2023-10-19T18:49:29","guid":{"rendered":"https:\/\/cbxonline.com.br\/?p=5133"},"modified":"2023-10-19T15:49:30","modified_gmt":"2023-10-19T18:49:30","slug":"jeronimo-convoca-policiais-da-reserva-para-atuar-na-pm","status":"publish","type":"post","link":"https:\/\/cbxonline.com.br\/index.php\/2023\/10\/19\/jeronimo-convoca-policiais-da-reserva-para-atuar-na-pm\/","title":{"rendered":"Jer\u00f4nimo convoca policiais da reserva para atuar na PM\u00a0"},"content":{"rendered":"\n<p>O governador Jer\u00f4nimo Rodrigues (PT) afirmou, ontem, em conversa com a imprensa, que a Pol\u00edcia Militar da Bahia (PM-BA) vai ganhar refor\u00e7os em seu quadro de servidores. Ele comunicou que convocou militares da reserva, conforme j\u00e1 publicado no Di\u00e1rio Oficial do Estado (DOE). A fala do chefe do Executivo baiano foi feita durante a inaugura\u00e7\u00e3o de uma nova unidade escolar da rede estadual com estrutura completa para a oferta do ensino em tempo integral, localizada no bairro Jardim Cajazeiras, em Salvador.\u202f&nbsp;<\/p>\n\n\n\n<p>&#8220;Est\u00e1 publicado no Di\u00e1rio Oficial do Estado mais um bloco de pessoas, policiais que estavam na reserva para ajudar as pol\u00edcias Militar e Civil&#8221;, declarou Jer\u00f4nimo Rodrigues aos jornalistas presentes na inaugura\u00e7\u00e3o. A Bahia enfrenta um momento delicado com o avan\u00e7o da criminalidade em todo o estado. O governo est\u00e1 debru\u00e7ado em uma batalha contra o crime e o tr\u00e1fico de drogas. \u202f&nbsp;<\/p>\n\n\n\n<p>No entanto, vale destacar, a convoca\u00e7\u00e3o dos agentes da reserva n\u00e3o \u00e9\u202fpara cargos combativos, e, sim, para atua\u00e7\u00e3o em unidades policiais espalhadas por v\u00e1rios munic\u00edpios baianos. Os convocados foram chamados para contribuir em fun\u00e7\u00f5es administrativas.\u202f&nbsp;<\/p>\n\n\n\n<p>Na ocasi\u00e3o, Jer\u00f4nimo exaltou a opera\u00e7\u00e3o de ter\u00e7a-feira (17) das pol\u00edcias Civil e Federal, que resultou na pris\u00e3o de oito pessoas. Entre os detidos, est\u00e1 uma assessora do vereador Marcelo Maia (PNM), suspeita de integrar um grupo criminoso investigado por tr\u00e1fico de drogas e lavagem de dinheiro, segundo informa\u00e7\u00f5es da Secretaria de Seguran\u00e7a P\u00fablica do Estado da Bahia (SSP-BA).\u202f&nbsp;<\/p>\n\n\n\n<p>\u201cN\u00f3s vamos continuar firmes. Ontem [ter\u00e7a], mais uma opera\u00e7\u00e3o grandiosa. A comunidade compreende qual \u00e9 o recado. As for\u00e7as negativas compreendem qual \u00e9 o recado. N\u00f3s n\u00e3o vamos dar tr\u00e9gua ao crime organizado no estado da Bahia\u201d, disse o governador baiano.\u202f&nbsp;<\/p>\n\n\n\n<p>A a\u00e7\u00e3o conjunta ocorreu no mesmo dia em que a SSP-BA entregou novos armamentos para as for\u00e7as de seguran\u00e7a do estado. De acordo com Jer\u00f4nimo Rodrigues, a aquisi\u00e7\u00e3o \u201cprepara a pol\u00edcia para enfrentar o crime\u201d. \u201cEu n\u00e3o gostaria de estar entregando armas, mas o lugar do governo \u00e9 esse. \u00c9 equipar a pol\u00edcia com viaturas, com capacita\u00e7\u00e3o, com novos concursos, com bons sal\u00e1rios, e estamos fazendo isso\u201d, ressaltou Jer\u00f4nimo.\u202f&nbsp;<\/p>\n\n\n\n<p>Indagado pela imprensa, Jer\u00f4nimo pregou a \u201cautonomia dos poderes\u201d ao comentar a determina\u00e7\u00e3o do Conselho Nacional de Justi\u00e7a (CNJ) pelo afastamento do desembargador Luiz Fernando Lima, do Tribunal de Justi\u00e7a da Bahia (TJ-BA), ap\u00f3s o magistrado conceder pris\u00e3o domiciliar a um l\u00edder de uma fac\u00e7\u00e3o criminosa.\u202f&nbsp;<\/p>\n\n\n\n<p>\u201cA autonomia dos poderes eu tenho que respeitar. Eu s\u00f3 refor\u00e7o a minha cren\u00e7a na Justi\u00e7a e a minha expectativa na Justi\u00e7a. Eu acho que a atua\u00e7\u00e3o tem que ser essa, porque n\u00f3s fazemos o papel de pol\u00edcia na SSP e a pol\u00edcia prende. E, quando prende um criminoso, tem que julgar\u201d.\u202f Jer\u00f4nimo, que evitou confrontar o judici\u00e1rio em sua fala, reconheceu a import\u00e2ncia dos direitos humanos, mas criticou a impunidade ao apontar a grande reincid\u00eancia dos crimes, pregando o \u201calinhamento entre a Justi\u00e7a e o Executivo\u201d para \u201cfortalecer a seguran\u00e7a do povo da Bahia\u201d.\u00a0<\/p>\n\n\n\n<p>Fonte: TRBN <\/p>\n","protected":false},"excerpt":{"rendered":"<p>O governador Jer\u00f4nimo Rodrigues (PT) afirmou, ontem, em conversa com a imprensa, que a Pol\u00edcia Militar da Bahia (PM-BA) vai ganhar refor\u00e7os em seu quadro de servidores. Ele comunicou que convocou militares da reserva, conforme j\u00e1 publicado no Di\u00e1rio Oficial do Estado (DOE). A fala do chefe do Executivo baiano foi feita durante a inaugura\u00e7\u00e3o [&hellip;]<\/p>\n","protected":false},"author":2,"featured_media":5134,"comment_status":"open","ping_status":"open","sticky":false,"template":"","format":"standard","meta":{"jnews-multi-image_gallery":[],"jnews_single_post":{"subtitle":"","format":"standard","video":"","gallery":"","source_name":"","source_url":"","via_name":"","via_url":"","override_template":"0","override":[{"template":"1","single_blog_custom":"","parallax":"1","fullscreen":"1","layout":"right-sidebar","sidebar":"default-sidebar","second_sidebar":"default-sidebar","sticky_sidebar":"1","share_position":"top","share_float_style":"share-monocrhome","show_share_counter":"0","show_view_counter":"0","show_featured":"1","show_post_meta":"1","show_post_author":"0","show_post_author_image":"1","show_post_date":"1","post_date_format":"default","post_date_format_custom":"Y\/m\/d","show_post_category":"1","show_post_reading_time":"0","post_reading_time_wpm":"300","show_zoom_button":"0","zoom_button_out_step":"2","zoom_button_in_step":"3","show_post_tag":"1","show_prev_next_post":"1","show_popup_post":"1","number_popup_post":"1","show_author_box":"0","show_post_related":"0","show_inline_post_related":"0"}],"override_image_size":"0","image_override":[{"single_post_thumbnail_size":"no-crop","single_post_gallery_size":"crop-715"}],"trending_post":"0","trending_post_position":"meta","trending_post_label":"Trending","sponsored_post":"0","sponsored_post_label":"Sponsored by","sponsored_post_name":"","sponsored_post_url":"","sponsored_post_logo_enable":"0","sponsored_post_logo":"","sponsored_post_desc":"","disable_ad":"0"},"jnews_primary_category":{"id":"","hide":""},"footnotes":""},"categories":[91],"tags":[],"class_list":["post-5133","post","type-post","status-publish","format-standard","has-post-thumbnail","hentry","category-politica"],"_links":{"self":[{"href":"https:\/\/cbxonline.com.br\/index.php\/wp-json\/wp\/v2\/posts\/5133","targetHints":{"allow":["GET"]}}],"collection":[{"href":"https:\/\/cbxonline.com.br\/index.php\/wp-json\/wp\/v2\/posts"}],"about":[{"href":"https:\/\/cbxonline.com.br\/index.php\/wp-json\/wp\/v2\/types\/post"}],"author":[{"embeddable":true,"href":"https:\/\/cbxonline.com.br\/index.php\/wp-json\/wp\/v2\/users\/2"}],"replies":[{"embeddable":true,"href":"https:\/\/cbxonline.com.br\/index.php\/wp-json\/wp\/v2\/comments?post=5133"}],"version-history":[{"count":1,"href":"https:\/\/cbxonline.com.br\/index.php\/wp-json\/wp\/v2\/posts\/5133\/revisions"}],"predecessor-version":[{"id":5135,"href":"https:\/\/cbxonline.com.br\/index.php\/wp-json\/wp\/v2\/posts\/5133\/revisions\/5135"}],"wp:featuredmedia":[{"embeddable":true,"href":"https:\/\/cbxonline.com.br\/index.php\/wp-json\/wp\/v2\/media\/5134"}],"wp:attachment":[{"href":"https:\/\/cbxonline.com.br\/index.php\/wp-json\/wp\/v2\/media?parent=5133"}],"wp:term":[{"taxonomy":"category","embeddable":true,"href":"https:\/\/cbxonline.com.br\/index.php\/wp-json\/wp\/v2\/categories?post=5133"},{"taxonomy":"post_tag","embeddable":true,"href":"https:\/\/cbxonline.com.br\/index.php\/wp-json\/wp\/v2\/tags?post=5133"}],"curies":[{"name":"wp","href":"https:\/\/api.w.org\/{rel}","templated":true}]}}