{"id":5121,"date":"2023-10-19T15:30:24","date_gmt":"2023-10-19T18:30:24","guid":{"rendered":"https:\/\/cbxonline.com.br\/?p=5121"},"modified":"2023-10-19T15:30:26","modified_gmt":"2023-10-19T18:30:26","slug":"fieb-e-sebrae-ba-promovem-produtos-baianos-em-portugal-e-na-franca","status":"publish","type":"post","link":"https:\/\/cbxonline.com.br\/index.php\/2023\/10\/19\/fieb-e-sebrae-ba-promovem-produtos-baianos-em-portugal-e-na-franca\/","title":{"rendered":"FIEB e Sebrae-BA promovem produtos baianos em Portugal e na Fran\u00e7a"},"content":{"rendered":"\n<p>Vinte marcas baianas de produtos de origem v\u00e3o marcar presen\u00e7a em duas feiras do setor de alimentos e bebidas em Portugal e na Fran\u00e7a. As miss\u00f5es empresariais internacionais fazem parte do Projeto Origem Bahia, resultado de uma parceria entre a Federa\u00e7\u00e3o das Ind\u00fastrias do Estado da Bahia (FIEB), atrav\u00e9s do Centro Internacional de Neg\u00f3cios, e o Sebrae-BA.<\/p>\n\n\n\n<p>No total, nove representantes de empresas baianas embarcam nos pr\u00f3ximos dias rumo \u00e0 Europa para apresentar produtos como chocolates, mel de cacau, nibs de cacau, cacha\u00e7a, temperos e molhos prontos, farofas prontas, doces de frutas, geleias, mel e derivados, caf\u00e9s e cervejas.<\/p>\n\n\n\n<p>A primeira parada \u00e9 em Portugal.&nbsp; A miss\u00e3o empresarial acontece na cidade do Porto, entre os dias 19 e 22 de outubro. A programa\u00e7\u00e3o inclui showroom coletivo Origem Bahia no WOW \u2013 Quarteir\u00e3o Cultural da cidade do Porto; reuni\u00f5es de neg\u00f3cios com potenciais importadores, distribuidores, atacadistas e varejistas; al\u00e9m da participa\u00e7\u00e3o na inaugura\u00e7\u00e3o da Casa Brasiliana, um hub de produtos brasileiros de origem.<\/p>\n\n\n\n<p>J\u00e1 na Fran\u00e7a, o grupo participa do Salon du Chocolat, que acontece em Paris, de 28 de outubro a 01 de novembro. Na 28\u00aa edi\u00e7\u00e3o da feira, os produtos baianos ser\u00e3o divulgados em um showroom coletivo. A programa\u00e7\u00e3o tamb\u00e9m engloba um evento exclusivo na Embaixada do Brasil em Paris, onde acontecer\u00e3o pain\u00e9is, degusta\u00e7\u00e3o de produtos baianos e encontros B2B. O evento da Embaixada acontece desde 2018, como parte importante da agenda, que ainda ter\u00e1 visitas t\u00e9cnicas, workshop com especialista e aula pr\u00e1tica em Escola de Chocolateria francesa.<\/p>\n\n\n\n<p>Fonte: TRBN <\/p>\n","protected":false},"excerpt":{"rendered":"<p>Vinte marcas baianas de produtos de origem v\u00e3o marcar presen\u00e7a em duas feiras do setor de alimentos e bebidas em Portugal e na Fran\u00e7a. As miss\u00f5es empresariais internacionais fazem parte do Projeto Origem Bahia, resultado de uma parceria entre a Federa\u00e7\u00e3o das Ind\u00fastrias do Estado da Bahia (FIEB), atrav\u00e9s do Centro Internacional de Neg\u00f3cios, e [&hellip;]<\/p>\n","protected":false},"author":2,"featured_media":5122,"comment_status":"open","ping_status":"open","sticky":false,"template":"","format":"standard","meta":{"jnews-multi-image_gallery":[],"jnews_single_post":{"subtitle":"","format":"standard","video":"","gallery":"","source_name":"","source_url":"","via_name":"","via_url":"","override_template":"0","override":[{"template":"1","single_blog_custom":"","parallax":"1","fullscreen":"1","layout":"right-sidebar","sidebar":"default-sidebar","second_sidebar":"default-sidebar","sticky_sidebar":"1","share_position":"top","share_float_style":"share-monocrhome","show_share_counter":"0","show_view_counter":"0","show_featured":"1","show_post_meta":"1","show_post_author":"0","show_post_author_image":"1","show_post_date":"1","post_date_format":"default","post_date_format_custom":"Y\/m\/d","show_post_category":"1","show_post_reading_time":"0","post_reading_time_wpm":"300","show_zoom_button":"0","zoom_button_out_step":"2","zoom_button_in_step":"3","show_post_tag":"1","show_prev_next_post":"1","show_popup_post":"1","number_popup_post":"1","show_author_box":"0","show_post_related":"0","show_inline_post_related":"0"}],"override_image_size":"0","image_override":[{"single_post_thumbnail_size":"no-crop","single_post_gallery_size":"crop-715"}],"trending_post":"0","trending_post_position":"meta","trending_post_label":"Trending","sponsored_post":"0","sponsored_post_label":"Sponsored by","sponsored_post_name":"","sponsored_post_url":"","sponsored_post_logo_enable":"0","sponsored_post_logo":"","sponsored_post_desc":"","disable_ad":"0"},"jnews_primary_category":{"id":"","hide":""},"footnotes":""},"categories":[92],"tags":[],"class_list":["post-5121","post","type-post","status-publish","format-standard","has-post-thumbnail","hentry","category-economia"],"_links":{"self":[{"href":"https:\/\/cbxonline.com.br\/index.php\/wp-json\/wp\/v2\/posts\/5121","targetHints":{"allow":["GET"]}}],"collection":[{"href":"https:\/\/cbxonline.com.br\/index.php\/wp-json\/wp\/v2\/posts"}],"about":[{"href":"https:\/\/cbxonline.com.br\/index.php\/wp-json\/wp\/v2\/types\/post"}],"author":[{"embeddable":true,"href":"https:\/\/cbxonline.com.br\/index.php\/wp-json\/wp\/v2\/users\/2"}],"replies":[{"embeddable":true,"href":"https:\/\/cbxonline.com.br\/index.php\/wp-json\/wp\/v2\/comments?post=5121"}],"version-history":[{"count":1,"href":"https:\/\/cbxonline.com.br\/index.php\/wp-json\/wp\/v2\/posts\/5121\/revisions"}],"predecessor-version":[{"id":5123,"href":"https:\/\/cbxonline.com.br\/index.php\/wp-json\/wp\/v2\/posts\/5121\/revisions\/5123"}],"wp:featuredmedia":[{"embeddable":true,"href":"https:\/\/cbxonline.com.br\/index.php\/wp-json\/wp\/v2\/media\/5122"}],"wp:attachment":[{"href":"https:\/\/cbxonline.com.br\/index.php\/wp-json\/wp\/v2\/media?parent=5121"}],"wp:term":[{"taxonomy":"category","embeddable":true,"href":"https:\/\/cbxonline.com.br\/index.php\/wp-json\/wp\/v2\/categories?post=5121"},{"taxonomy":"post_tag","embeddable":true,"href":"https:\/\/cbxonline.com.br\/index.php\/wp-json\/wp\/v2\/tags?post=5121"}],"curies":[{"name":"wp","href":"https:\/\/api.w.org\/{rel}","templated":true}]}}