{"id":4589,"date":"2023-10-02T10:01:32","date_gmt":"2023-10-02T13:01:32","guid":{"rendered":"https:\/\/cbxonline.com.br\/?p=4589"},"modified":"2023-10-02T10:01:34","modified_gmt":"2023-10-02T13:01:34","slug":"com-aumento-no-numero-salvador-elege-120-conselheiros-tutelares-e-suplentes","status":"publish","type":"post","link":"https:\/\/cbxonline.com.br\/index.php\/2023\/10\/02\/com-aumento-no-numero-salvador-elege-120-conselheiros-tutelares-e-suplentes\/","title":{"rendered":"Com aumento no n\u00famero, Salvador elege 120 conselheiros tutelares e suplentes"},"content":{"rendered":"\n<p>Salvador elegeu neste domingo (1\u00ba) os 120 conselheiros e conselheiras que v\u00e3o atuar nos 24 Conselhos Tutelares da capital baiana no quadri\u00eanio 2024\/2028. O sistema de totaliza\u00e7\u00e3o de votos apontou, na madrugada desta segunda-feira (2), o resultado da elei\u00e7\u00e3o. A lista completa dos eleitos e dos 120 suplentes j\u00e1 est\u00e1 dispon\u00edvel do site do Conselho Municipal dos Direitos Da Crian\u00e7a e do Adolescente: https:\/\/cmdca.salvador.ba.gov.br\/.<\/p>\n\n\n\n<p>O n\u00famero de eleitores dobrou em rela\u00e7\u00e3o ao \u00faltimo pleito, em 2019. A apura\u00e7\u00e3o dos votos indicou tamb\u00e9m que 69.652 mil eleitores compareceram \u00e0s urnas nas 430 se\u00e7\u00f5es existentes nas 76 escolas municipais e estaduais da capital baiana. Isso representa um crescimento em torno de 117% comparado a 2019, quando cerca de 32 mil pessoas votaram.<\/p>\n\n\n\n<p>A opera\u00e7\u00e3o especial da Prefeitura de Salvador garantiu que servidores e funcion\u00e1rios p\u00fablicos, al\u00e9m de volunt\u00e1rios terceirizados, permitissem o funcionamento das se\u00e7\u00f5es eleitorais em toda a cidade e nas tr\u00eas ilhas. Pela primeira vez, a elei\u00e7\u00e3o para os representantes dos Conselhos Tutelares foi realizada em todo o Brasil de maneira unificada, inclusive com urnas eletr\u00f4nicas, em cumprimento \u00e0 Resolu\u00e7\u00e3o n\u00ba 23.719\/2023, aprovada por unanimidade pelo TSE.<\/p>\n\n\n\n<p>Os 120 conselheiros e conselheiras eleitos passar\u00e3o por capacita\u00e7\u00e3o e tomar\u00e3o posse no dia 10 de janeiro de 2024. Eles ir\u00e3o zelar pela garantia e defesa dos direitos da crian\u00e7a e do adolescente por parte da fam\u00edlia, da comunidade e do Poder P\u00fablico, fiscalizando a atua\u00e7\u00e3o de \u00f3rg\u00e3os e entidades governamentais e n\u00e3o-governamentais.<\/p>\n\n\n\n<p>Fonte: Varela Net <\/p>\n","protected":false},"excerpt":{"rendered":"<p>Salvador elegeu neste domingo (1\u00ba) os 120 conselheiros e conselheiras que v\u00e3o atuar nos 24 Conselhos Tutelares da capital baiana no quadri\u00eanio 2024\/2028. O sistema de totaliza\u00e7\u00e3o de votos apontou, na madrugada desta segunda-feira (2), o resultado da elei\u00e7\u00e3o. A lista completa dos eleitos e dos 120 suplentes j\u00e1 est\u00e1 dispon\u00edvel do site do Conselho [&hellip;]<\/p>\n","protected":false},"author":2,"featured_media":4590,"comment_status":"open","ping_status":"open","sticky":false,"template":"","format":"standard","meta":{"jnews-multi-image_gallery":[],"jnews_single_post":{"subtitle":"","format":"standard","video":"","gallery":"","source_name":"","source_url":"","via_name":"","via_url":"","override_template":"0","override":[{"template":"1","single_blog_custom":"","parallax":"1","fullscreen":"1","layout":"right-sidebar","sidebar":"default-sidebar","second_sidebar":"default-sidebar","sticky_sidebar":"1","share_position":"top","share_float_style":"share-monocrhome","show_share_counter":"0","show_view_counter":"0","show_featured":"1","show_post_meta":"1","show_post_author":"0","show_post_author_image":"1","show_post_date":"1","post_date_format":"default","post_date_format_custom":"Y\/m\/d","show_post_category":"1","show_post_reading_time":"0","post_reading_time_wpm":"300","show_zoom_button":"0","zoom_button_out_step":"2","zoom_button_in_step":"3","show_post_tag":"1","show_prev_next_post":"1","show_popup_post":"1","number_popup_post":"1","show_author_box":"0","show_post_related":"0","show_inline_post_related":"0"}],"override_image_size":"0","image_override":[{"single_post_thumbnail_size":"no-crop","single_post_gallery_size":"crop-715"}],"trending_post":"0","trending_post_position":"meta","trending_post_label":"Trending","sponsored_post":"0","sponsored_post_label":"Sponsored by","sponsored_post_name":"","sponsored_post_url":"","sponsored_post_logo_enable":"0","sponsored_post_logo":"","sponsored_post_desc":"","disable_ad":"0"},"jnews_primary_category":{"id":"","hide":""},"footnotes":""},"categories":[85],"tags":[],"class_list":["post-4589","post","type-post","status-publish","format-standard","has-post-thumbnail","hentry","category-noticias"],"_links":{"self":[{"href":"https:\/\/cbxonline.com.br\/index.php\/wp-json\/wp\/v2\/posts\/4589","targetHints":{"allow":["GET"]}}],"collection":[{"href":"https:\/\/cbxonline.com.br\/index.php\/wp-json\/wp\/v2\/posts"}],"about":[{"href":"https:\/\/cbxonline.com.br\/index.php\/wp-json\/wp\/v2\/types\/post"}],"author":[{"embeddable":true,"href":"https:\/\/cbxonline.com.br\/index.php\/wp-json\/wp\/v2\/users\/2"}],"replies":[{"embeddable":true,"href":"https:\/\/cbxonline.com.br\/index.php\/wp-json\/wp\/v2\/comments?post=4589"}],"version-history":[{"count":1,"href":"https:\/\/cbxonline.com.br\/index.php\/wp-json\/wp\/v2\/posts\/4589\/revisions"}],"predecessor-version":[{"id":4591,"href":"https:\/\/cbxonline.com.br\/index.php\/wp-json\/wp\/v2\/posts\/4589\/revisions\/4591"}],"wp:featuredmedia":[{"embeddable":true,"href":"https:\/\/cbxonline.com.br\/index.php\/wp-json\/wp\/v2\/media\/4590"}],"wp:attachment":[{"href":"https:\/\/cbxonline.com.br\/index.php\/wp-json\/wp\/v2\/media?parent=4589"}],"wp:term":[{"taxonomy":"category","embeddable":true,"href":"https:\/\/cbxonline.com.br\/index.php\/wp-json\/wp\/v2\/categories?post=4589"},{"taxonomy":"post_tag","embeddable":true,"href":"https:\/\/cbxonline.com.br\/index.php\/wp-json\/wp\/v2\/tags?post=4589"}],"curies":[{"name":"wp","href":"https:\/\/api.w.org\/{rel}","templated":true}]}}