{"id":4076,"date":"2023-09-13T16:36:37","date_gmt":"2023-09-13T19:36:37","guid":{"rendered":"https:\/\/cbxonline.com.br\/?p=4076"},"modified":"2023-09-13T16:36:39","modified_gmt":"2023-09-13T19:36:39","slug":"delegado-perde-cargo-apos-usar-carro-roubado-com-placa-clonada-na-ba","status":"publish","type":"post","link":"https:\/\/cbxonline.com.br\/index.php\/2023\/09\/13\/delegado-perde-cargo-apos-usar-carro-roubado-com-placa-clonada-na-ba\/","title":{"rendered":"Delegado perde cargo ap\u00f3s usar carro roubado com placa clonada na BA"},"content":{"rendered":"\n<p>Um delegado da Pol\u00edcia Civil da Bahia perdeu o cargo que ocupava ap\u00f3s ser condenado por crimes de recepta\u00e7\u00e3o e adultera\u00e7\u00e3o de chassi de um carro. A informa\u00e7\u00e3o foi divulgada nesta quarta-feira (13) pelo Minist\u00e9rio P\u00fablico do estado (MP-BA), que denunciou o caso. A situa\u00e7\u00e3o estava sob investiga\u00e7\u00e3o desde 2019, quando o ve\u00edculo foi apreendido.<\/p>\n\n\n\n<p>Segundo as investiga\u00e7\u00f5es, os crimes foram praticados no ano de 2016, quando o delegado comprou o carro, que era fruto de roubo e tinha uma placa policial clonada. Ainda conforme informou o MP-BA, o r\u00e9u tinha conhecimento da situa\u00e7\u00e3o e continuou usando o ve\u00edculo por 3 anos, at\u00e9 a apreens\u00e3o.<\/p>\n\n\n\n<p>A decis\u00e3o \u00e9 de segunda-feira (11) e foi tomada pela Vara Criminal da comarca de Canavieiras. Al\u00e9m da perda do cargo, a pena inicial foi de 4 anos de pris\u00e3o e 20 dias-multa. No entanto, ela foi convertida em presta\u00e7\u00e3o de servi\u00e7os \u00e0 comunidade. A condena\u00e7\u00e3o est\u00e1 em primeira inst\u00e2ncia. Ou seja, o delegado ainda pode recorrer.<\/p>\n\n\n\n<p>Fonte: iBahia <\/p>\n","protected":false},"excerpt":{"rendered":"<p>Um delegado da Pol\u00edcia Civil da Bahia perdeu o cargo que ocupava ap\u00f3s ser condenado por crimes de recepta\u00e7\u00e3o e adultera\u00e7\u00e3o de chassi de um carro. A informa\u00e7\u00e3o foi divulgada nesta quarta-feira (13) pelo Minist\u00e9rio P\u00fablico do estado (MP-BA), que denunciou o caso. A situa\u00e7\u00e3o estava sob investiga\u00e7\u00e3o desde 2019, quando o ve\u00edculo foi apreendido. [&hellip;]<\/p>\n","protected":false},"author":2,"featured_media":4077,"comment_status":"open","ping_status":"open","sticky":false,"template":"","format":"standard","meta":{"jnews-multi-image_gallery":[],"jnews_single_post":{"subtitle":"","format":"standard","video":"","gallery":"","source_name":"","source_url":"","via_name":"","via_url":"","override_template":"0","override":[{"template":"1","single_blog_custom":"","parallax":"1","fullscreen":"1","layout":"right-sidebar","sidebar":"default-sidebar","second_sidebar":"default-sidebar","sticky_sidebar":"1","share_position":"top","share_float_style":"share-monocrhome","show_share_counter":"0","show_view_counter":"0","show_featured":"1","show_post_meta":"1","show_post_author":"0","show_post_author_image":"1","show_post_date":"1","post_date_format":"default","post_date_format_custom":"Y\/m\/d","show_post_category":"1","show_post_reading_time":"0","post_reading_time_wpm":"300","show_zoom_button":"0","zoom_button_out_step":"2","zoom_button_in_step":"3","show_post_tag":"1","show_prev_next_post":"1","show_popup_post":"1","number_popup_post":"1","show_author_box":"0","show_post_related":"0","show_inline_post_related":"0"}],"override_image_size":"0","image_override":[{"single_post_thumbnail_size":"no-crop","single_post_gallery_size":"crop-715"}],"trending_post":"0","trending_post_position":"meta","trending_post_label":"Trending","sponsored_post":"0","sponsored_post_label":"Sponsored by","sponsored_post_name":"","sponsored_post_url":"","sponsored_post_logo_enable":"0","sponsored_post_logo":"","sponsored_post_desc":"","disable_ad":"0"},"jnews_primary_category":{"id":"","hide":""},"footnotes":""},"categories":[105],"tags":[],"class_list":["post-4076","post","type-post","status-publish","format-standard","has-post-thumbnail","hentry","category-policia"],"_links":{"self":[{"href":"https:\/\/cbxonline.com.br\/index.php\/wp-json\/wp\/v2\/posts\/4076","targetHints":{"allow":["GET"]}}],"collection":[{"href":"https:\/\/cbxonline.com.br\/index.php\/wp-json\/wp\/v2\/posts"}],"about":[{"href":"https:\/\/cbxonline.com.br\/index.php\/wp-json\/wp\/v2\/types\/post"}],"author":[{"embeddable":true,"href":"https:\/\/cbxonline.com.br\/index.php\/wp-json\/wp\/v2\/users\/2"}],"replies":[{"embeddable":true,"href":"https:\/\/cbxonline.com.br\/index.php\/wp-json\/wp\/v2\/comments?post=4076"}],"version-history":[{"count":1,"href":"https:\/\/cbxonline.com.br\/index.php\/wp-json\/wp\/v2\/posts\/4076\/revisions"}],"predecessor-version":[{"id":4078,"href":"https:\/\/cbxonline.com.br\/index.php\/wp-json\/wp\/v2\/posts\/4076\/revisions\/4078"}],"wp:featuredmedia":[{"embeddable":true,"href":"https:\/\/cbxonline.com.br\/index.php\/wp-json\/wp\/v2\/media\/4077"}],"wp:attachment":[{"href":"https:\/\/cbxonline.com.br\/index.php\/wp-json\/wp\/v2\/media?parent=4076"}],"wp:term":[{"taxonomy":"category","embeddable":true,"href":"https:\/\/cbxonline.com.br\/index.php\/wp-json\/wp\/v2\/categories?post=4076"},{"taxonomy":"post_tag","embeddable":true,"href":"https:\/\/cbxonline.com.br\/index.php\/wp-json\/wp\/v2\/tags?post=4076"}],"curies":[{"name":"wp","href":"https:\/\/api.w.org\/{rel}","templated":true}]}}