{"id":4045,"date":"2023-09-13T14:02:40","date_gmt":"2023-09-13T17:02:40","guid":{"rendered":"https:\/\/cbxonline.com.br\/?p=4045"},"modified":"2023-09-13T14:02:42","modified_gmt":"2023-09-13T17:02:42","slug":"feira-de-santana-sofre-com-furto-de-bracos-de-luz-na-iluminacao-da-cidade","status":"publish","type":"post","link":"https:\/\/cbxonline.com.br\/index.php\/2023\/09\/13\/feira-de-santana-sofre-com-furto-de-bracos-de-luz-na-iluminacao-da-cidade\/","title":{"rendered":"Feira de Santana sofre com furto de bra\u00e7os de luz na ilumina\u00e7\u00e3o da cidade"},"content":{"rendered":"\n<p>A Secretaria Municipal de Servi\u00e7os P\u00fablicos (SESP) identificou nos \u00faltimos dias, furtos de bra\u00e7os de luz do sistema de ilumina\u00e7\u00e3o p\u00fablica em Feira de Santana. O ato criminoso foi registrado em alguns bairros e distritos.&nbsp;<\/p>\n\n\n\n<p>O titular da pasta, Eli Ribeiro, chama a aten\u00e7\u00e3o para essa ocorr\u00eancia grave e observa que os furtos de bra\u00e7os de luz prejudicam a ilumina\u00e7\u00e3o e impactam no dia a dia do cidad\u00e3o.&nbsp;<\/p>\n\n\n\n<p>\u201cTemos recebido reclama\u00e7\u00f5es de moradores alegando que os postes est\u00e3o apagados. No entanto, ao chegarmos no local identificamos que o bra\u00e7o de luz completo foi furtado\u201d, afirma o secret\u00e1rio.<\/p>\n\n\n\n<p>O diretor de Ilumina\u00e7\u00e3o P\u00fablica, Eziquiel Trindade, diz que a ocorr\u00eancia dos furtos foi registrada sobretudo em locais onde o sistema de ilumina\u00e7\u00e3o p\u00fablica j\u00e1 foi modernizado por l\u00e2mpadas LED.&nbsp;<\/p>\n\n\n\n<p>\u201cA empresa Conecta faz o servi\u00e7o pela manh\u00e3 e \u00e0 noite ocorre o furto\u201d, acrescenta o diretor da SESP solicitando que \u201ca popula\u00e7\u00e3o denuncie qualquer movimenta\u00e7\u00e3o estranha\u201d aos \u00f3rg\u00e3os de seguran\u00e7a p\u00fablica, ligando para a Pol\u00edcia Militar pelo 190.<\/p>\n\n\n\n<p>Fonte: TRBN <\/p>\n","protected":false},"excerpt":{"rendered":"<p>A Secretaria Municipal de Servi\u00e7os P\u00fablicos (SESP) identificou nos \u00faltimos dias, furtos de bra\u00e7os de luz do sistema de ilumina\u00e7\u00e3o p\u00fablica em Feira de Santana. O ato criminoso foi registrado em alguns bairros e distritos.&nbsp; O titular da pasta, Eli Ribeiro, chama a aten\u00e7\u00e3o para essa ocorr\u00eancia grave e observa que os furtos de bra\u00e7os [&hellip;]<\/p>\n","protected":false},"author":2,"featured_media":4046,"comment_status":"open","ping_status":"open","sticky":false,"template":"","format":"standard","meta":{"jnews-multi-image_gallery":[],"jnews_single_post":{"subtitle":"","format":"standard","video":"","gallery":"","source_name":"","source_url":"","via_name":"","via_url":"","override_template":"0","override":[{"template":"1","single_blog_custom":"","parallax":"1","fullscreen":"1","layout":"right-sidebar","sidebar":"default-sidebar","second_sidebar":"default-sidebar","sticky_sidebar":"1","share_position":"top","share_float_style":"share-monocrhome","show_share_counter":"0","show_view_counter":"0","show_featured":"1","show_post_meta":"1","show_post_author":"0","show_post_author_image":"1","show_post_date":"1","post_date_format":"default","post_date_format_custom":"Y\/m\/d","show_post_category":"1","show_post_reading_time":"0","post_reading_time_wpm":"300","show_zoom_button":"0","zoom_button_out_step":"2","zoom_button_in_step":"3","show_post_tag":"1","show_prev_next_post":"1","show_popup_post":"1","number_popup_post":"1","show_author_box":"0","show_post_related":"0","show_inline_post_related":"0"}],"override_image_size":"0","image_override":[{"single_post_thumbnail_size":"no-crop","single_post_gallery_size":"crop-715"}],"trending_post":"0","trending_post_position":"meta","trending_post_label":"Trending","sponsored_post":"0","sponsored_post_label":"Sponsored by","sponsored_post_name":"","sponsored_post_url":"","sponsored_post_logo_enable":"0","sponsored_post_logo":"","sponsored_post_desc":"","disable_ad":"0"},"jnews_primary_category":{"id":"","hide":""},"footnotes":""},"categories":[85],"tags":[],"class_list":["post-4045","post","type-post","status-publish","format-standard","has-post-thumbnail","hentry","category-noticias"],"_links":{"self":[{"href":"https:\/\/cbxonline.com.br\/index.php\/wp-json\/wp\/v2\/posts\/4045","targetHints":{"allow":["GET"]}}],"collection":[{"href":"https:\/\/cbxonline.com.br\/index.php\/wp-json\/wp\/v2\/posts"}],"about":[{"href":"https:\/\/cbxonline.com.br\/index.php\/wp-json\/wp\/v2\/types\/post"}],"author":[{"embeddable":true,"href":"https:\/\/cbxonline.com.br\/index.php\/wp-json\/wp\/v2\/users\/2"}],"replies":[{"embeddable":true,"href":"https:\/\/cbxonline.com.br\/index.php\/wp-json\/wp\/v2\/comments?post=4045"}],"version-history":[{"count":1,"href":"https:\/\/cbxonline.com.br\/index.php\/wp-json\/wp\/v2\/posts\/4045\/revisions"}],"predecessor-version":[{"id":4047,"href":"https:\/\/cbxonline.com.br\/index.php\/wp-json\/wp\/v2\/posts\/4045\/revisions\/4047"}],"wp:featuredmedia":[{"embeddable":true,"href":"https:\/\/cbxonline.com.br\/index.php\/wp-json\/wp\/v2\/media\/4046"}],"wp:attachment":[{"href":"https:\/\/cbxonline.com.br\/index.php\/wp-json\/wp\/v2\/media?parent=4045"}],"wp:term":[{"taxonomy":"category","embeddable":true,"href":"https:\/\/cbxonline.com.br\/index.php\/wp-json\/wp\/v2\/categories?post=4045"},{"taxonomy":"post_tag","embeddable":true,"href":"https:\/\/cbxonline.com.br\/index.php\/wp-json\/wp\/v2\/tags?post=4045"}],"curies":[{"name":"wp","href":"https:\/\/api.w.org\/{rel}","templated":true}]}}