{"id":4041,"date":"2023-09-13T13:57:34","date_gmt":"2023-09-13T16:57:34","guid":{"rendered":"https:\/\/cbxonline.com.br\/?p=4041"},"modified":"2023-09-13T13:57:36","modified_gmt":"2023-09-13T16:57:36","slug":"carnaval-de-salvador-tera-novo-espaco-no-circuito-barra-ondina-em-2024","status":"publish","type":"post","link":"https:\/\/cbxonline.com.br\/index.php\/2023\/09\/13\/carnaval-de-salvador-tera-novo-espaco-no-circuito-barra-ondina-em-2024\/","title":{"rendered":"Carnaval de Salvador ter\u00e1 novo espa\u00e7o no circuito Barra-Ondina em 2024"},"content":{"rendered":"\n<p>O Carnaval de Salvador em 2024 ter\u00e1 um novo espa\u00e7o para quem curte aproveitar a folia com conforto.<\/p>\n\n\n\n<p>Nesta ter\u00e7a-feira (12), foi lan\u00e7ado, durante um jantar para a imprensa o Camarote Ondina, que tem entre os s\u00f3cios o empres\u00e1rio Wagner Miau e Gilson Freitas.<\/p>\n\n\n\n<p>O espa\u00e7o, que contar\u00e1 com pra\u00e7a de alimenta\u00e7\u00e3o e um palco exclusivo, ficar\u00e1 localizado na Rua Morro Escravo Miguel, Blvd. Atlantic Towers, e ter\u00e1 funcionamento a partir da sexta-feira de Carnaval.<\/p>\n\n\n<div class=\"wp-block-image\">\n<figure class=\"aligncenter size-large\"><img loading=\"lazy\" decoding=\"async\" width=\"1024\" height=\"614\" src=\"https:\/\/cbxonline.com.br\/wp-content\/uploads\/2023\/09\/image-2-1024x614.png\" alt=\"\" class=\"wp-image-4043\" srcset=\"https:\/\/cbxonline.com.br\/wp-content\/uploads\/2023\/09\/image-2-1024x614.png 1024w, https:\/\/cbxonline.com.br\/wp-content\/uploads\/2023\/09\/image-2-300x180.png 300w, https:\/\/cbxonline.com.br\/wp-content\/uploads\/2023\/09\/image-2-768x461.png 768w, https:\/\/cbxonline.com.br\/wp-content\/uploads\/2023\/09\/image-2.png 1200w\" sizes=\"auto, (max-width: 1024px) 100vw, 1024px\" \/><\/figure><\/div>\n\n\n<p>A proposta dos s\u00f3cios \u00e9 oferecer comodidade e ser acess\u00edvel ao p\u00fablico financeiramente. O espa\u00e7o contar\u00e1 com servi\u00e7o de Open Bar premium, seguran\u00e7a e conforto.<\/p>\n\n\n\n<p>Entre as atra\u00e7\u00f5es j\u00e1 anunciadas est\u00e3o Timbalada na sexta-feira de Carnaval, Jau e Filhos de Jorge no s\u00e1bado, Filipe Escandurras no domingo, a banda Di Prop\u00f3sito na segunda e Thiago Aquino na ter\u00e7a. Confira valores:<br><\/p>\n\n\n\n<p>Sexta &#8211; R$ 649,00<br>S\u00e1bado &#8211; R$ 499,00<br>Domingo &#8211; R$ 499,00<br>Segunda &#8211; R$ 599,00<br>Ter\u00e7a &#8211; R$ 499,00<\/p>\n\n\n\n<p>Fonte: iBahia <\/p>\n","protected":false},"excerpt":{"rendered":"<p>O Carnaval de Salvador em 2024 ter\u00e1 um novo espa\u00e7o para quem curte aproveitar a folia com conforto. Nesta ter\u00e7a-feira (12), foi lan\u00e7ado, durante um jantar para a imprensa o Camarote Ondina, que tem entre os s\u00f3cios o empres\u00e1rio Wagner Miau e Gilson Freitas. O espa\u00e7o, que contar\u00e1 com pra\u00e7a de alimenta\u00e7\u00e3o e um palco [&hellip;]<\/p>\n","protected":false},"author":2,"featured_media":4042,"comment_status":"open","ping_status":"open","sticky":false,"template":"","format":"standard","meta":{"jnews-multi-image_gallery":[],"jnews_single_post":{"subtitle":"","format":"standard","video":"","gallery":"","source_name":"","source_url":"","via_name":"","via_url":"","override_template":"0","override":[{"template":"1","single_blog_custom":"","parallax":"1","fullscreen":"1","layout":"right-sidebar","sidebar":"default-sidebar","second_sidebar":"default-sidebar","sticky_sidebar":"1","share_position":"top","share_float_style":"share-monocrhome","show_share_counter":"0","show_view_counter":"0","show_featured":"1","show_post_meta":"1","show_post_author":"0","show_post_author_image":"1","show_post_date":"1","post_date_format":"default","post_date_format_custom":"Y\/m\/d","show_post_category":"1","show_post_reading_time":"0","post_reading_time_wpm":"300","show_zoom_button":"0","zoom_button_out_step":"2","zoom_button_in_step":"3","show_post_tag":"1","show_prev_next_post":"1","show_popup_post":"1","number_popup_post":"1","show_author_box":"0","show_post_related":"0","show_inline_post_related":"0"}],"override_image_size":"0","image_override":[{"single_post_thumbnail_size":"no-crop","single_post_gallery_size":"crop-715"}],"trending_post":"0","trending_post_position":"meta","trending_post_label":"Trending","sponsored_post":"0","sponsored_post_label":"Sponsored by","sponsored_post_name":"","sponsored_post_url":"","sponsored_post_logo_enable":"0","sponsored_post_logo":"","sponsored_post_desc":"","disable_ad":"0"},"jnews_primary_category":{"id":"","hide":""},"footnotes":""},"categories":[98],"tags":[],"class_list":["post-4041","post","type-post","status-publish","format-standard","has-post-thumbnail","hentry","category-carnaval"],"_links":{"self":[{"href":"https:\/\/cbxonline.com.br\/index.php\/wp-json\/wp\/v2\/posts\/4041","targetHints":{"allow":["GET"]}}],"collection":[{"href":"https:\/\/cbxonline.com.br\/index.php\/wp-json\/wp\/v2\/posts"}],"about":[{"href":"https:\/\/cbxonline.com.br\/index.php\/wp-json\/wp\/v2\/types\/post"}],"author":[{"embeddable":true,"href":"https:\/\/cbxonline.com.br\/index.php\/wp-json\/wp\/v2\/users\/2"}],"replies":[{"embeddable":true,"href":"https:\/\/cbxonline.com.br\/index.php\/wp-json\/wp\/v2\/comments?post=4041"}],"version-history":[{"count":1,"href":"https:\/\/cbxonline.com.br\/index.php\/wp-json\/wp\/v2\/posts\/4041\/revisions"}],"predecessor-version":[{"id":4044,"href":"https:\/\/cbxonline.com.br\/index.php\/wp-json\/wp\/v2\/posts\/4041\/revisions\/4044"}],"wp:featuredmedia":[{"embeddable":true,"href":"https:\/\/cbxonline.com.br\/index.php\/wp-json\/wp\/v2\/media\/4042"}],"wp:attachment":[{"href":"https:\/\/cbxonline.com.br\/index.php\/wp-json\/wp\/v2\/media?parent=4041"}],"wp:term":[{"taxonomy":"category","embeddable":true,"href":"https:\/\/cbxonline.com.br\/index.php\/wp-json\/wp\/v2\/categories?post=4041"},{"taxonomy":"post_tag","embeddable":true,"href":"https:\/\/cbxonline.com.br\/index.php\/wp-json\/wp\/v2\/tags?post=4041"}],"curies":[{"name":"wp","href":"https:\/\/api.w.org\/{rel}","templated":true}]}}