{"id":4032,"date":"2023-09-13T10:27:51","date_gmt":"2023-09-13T13:27:51","guid":{"rendered":"https:\/\/cbxonline.com.br\/?p=4032"},"modified":"2023-09-13T10:27:53","modified_gmt":"2023-09-13T13:27:53","slug":"ministerio-publico-do-trabalho-na-bahia-tem-novo-procurador-chefe-mandato-inicia-em-outubro","status":"publish","type":"post","link":"https:\/\/cbxonline.com.br\/index.php\/2023\/09\/13\/ministerio-publico-do-trabalho-na-bahia-tem-novo-procurador-chefe-mandato-inicia-em-outubro\/","title":{"rendered":"Minist\u00e9rio P\u00fablico do Trabalho na Bahia tem novo procurador-chefe; mandato inicia em outubro"},"content":{"rendered":"\n<p>Maur\u00edcio Brito foi eleito pelo Col\u00e9gio de Procuradores do Minist\u00e9rio P\u00fablico do Trabalho na Bahia (MPT-BA) para o cargo de procurador-chefe do \u00f3rg\u00e3o no estado. A elei\u00e7\u00e3o foi feita em sistema eletr\u00f4nico nesta ter\u00e7a-feira (12).&nbsp;<\/p>\n\n\n\n<p>O mandato tem in\u00edcio no dia 1\u00b0 de outubro deste ano e vai at\u00e9 30 de setembro de 2025. Dos 52 membros do MPT-BA, 49 votaram em Brito. Ele foi o \u00fanico candidato \u00e0 vaga. Maur\u00edcio Brito vai suceder Lu\u00eds Carneiro, que est\u00e1 na chefia do MPT no estado h\u00e1 seis anos.<\/p>\n\n\n\n<p>O pr\u00f3ximo chefe do MPT-BA \u00e9 doutor em direito internacional e atua como procurador do trabalho desde 2010. Para ele, o cont\u00ednuo fortalecimento da institui\u00e7\u00e3o passa pela presen\u00e7a do \u00f3rg\u00e3o nos grandes debates e nas a\u00e7\u00f5es efetivas para a promo\u00e7\u00e3o de rela\u00e7\u00f5es de trabalho dignas e estritamente dentro dos limites da legisla\u00e7\u00e3o brasileira.<\/p>\n\n\n\n<p>A posse solene de Maur\u00edcio Brito, assim como dos demais integrantes da administra\u00e7\u00e3o, que ainda ter\u00e3o seus nomes anunciados, est\u00e1 marcada para dia 18 de outubro, \u00e0s 17h, na sede do MPT-BA, no Corredor da Vit\u00f3ria, em Salvador. Antes, dia 10 de outubro, ele participa em Bras\u00edlia da cerim\u00f4nia de posse dos novos procuradores-chefes do MPT em todo o pa\u00eds.<\/p>\n\n\n\n<p>Fonte: Bahia Not\u00edcias <\/p>\n","protected":false},"excerpt":{"rendered":"<p>Maur\u00edcio Brito foi eleito pelo Col\u00e9gio de Procuradores do Minist\u00e9rio P\u00fablico do Trabalho na Bahia (MPT-BA) para o cargo de procurador-chefe do \u00f3rg\u00e3o no estado. A elei\u00e7\u00e3o foi feita em sistema eletr\u00f4nico nesta ter\u00e7a-feira (12).&nbsp; O mandato tem in\u00edcio no dia 1\u00b0 de outubro deste ano e vai at\u00e9 30 de setembro de 2025. Dos [&hellip;]<\/p>\n","protected":false},"author":2,"featured_media":4033,"comment_status":"open","ping_status":"open","sticky":false,"template":"","format":"standard","meta":{"jnews-multi-image_gallery":[],"jnews_single_post":{"subtitle":"","format":"standard","video":"","gallery":"","source_name":"","source_url":"","via_name":"","via_url":"","override_template":"0","override":[{"template":"1","single_blog_custom":"","parallax":"1","fullscreen":"1","layout":"right-sidebar","sidebar":"default-sidebar","second_sidebar":"default-sidebar","sticky_sidebar":"1","share_position":"top","share_float_style":"share-monocrhome","show_share_counter":"0","show_view_counter":"0","show_featured":"1","show_post_meta":"1","show_post_author":"0","show_post_author_image":"1","show_post_date":"1","post_date_format":"default","post_date_format_custom":"Y\/m\/d","show_post_category":"1","show_post_reading_time":"0","post_reading_time_wpm":"300","show_zoom_button":"0","zoom_button_out_step":"2","zoom_button_in_step":"3","show_post_tag":"1","show_prev_next_post":"1","show_popup_post":"1","number_popup_post":"1","show_author_box":"0","show_post_related":"0","show_inline_post_related":"0"}],"override_image_size":"0","image_override":[{"single_post_thumbnail_size":"no-crop","single_post_gallery_size":"crop-715"}],"trending_post":"0","trending_post_position":"meta","trending_post_label":"Trending","sponsored_post":"0","sponsored_post_label":"Sponsored by","sponsored_post_name":"","sponsored_post_url":"","sponsored_post_logo_enable":"0","sponsored_post_logo":"","sponsored_post_desc":"","disable_ad":"0"},"jnews_primary_category":{"id":"","hide":""},"footnotes":""},"categories":[85],"tags":[],"class_list":["post-4032","post","type-post","status-publish","format-standard","has-post-thumbnail","hentry","category-noticias"],"_links":{"self":[{"href":"https:\/\/cbxonline.com.br\/index.php\/wp-json\/wp\/v2\/posts\/4032","targetHints":{"allow":["GET"]}}],"collection":[{"href":"https:\/\/cbxonline.com.br\/index.php\/wp-json\/wp\/v2\/posts"}],"about":[{"href":"https:\/\/cbxonline.com.br\/index.php\/wp-json\/wp\/v2\/types\/post"}],"author":[{"embeddable":true,"href":"https:\/\/cbxonline.com.br\/index.php\/wp-json\/wp\/v2\/users\/2"}],"replies":[{"embeddable":true,"href":"https:\/\/cbxonline.com.br\/index.php\/wp-json\/wp\/v2\/comments?post=4032"}],"version-history":[{"count":1,"href":"https:\/\/cbxonline.com.br\/index.php\/wp-json\/wp\/v2\/posts\/4032\/revisions"}],"predecessor-version":[{"id":4034,"href":"https:\/\/cbxonline.com.br\/index.php\/wp-json\/wp\/v2\/posts\/4032\/revisions\/4034"}],"wp:featuredmedia":[{"embeddable":true,"href":"https:\/\/cbxonline.com.br\/index.php\/wp-json\/wp\/v2\/media\/4033"}],"wp:attachment":[{"href":"https:\/\/cbxonline.com.br\/index.php\/wp-json\/wp\/v2\/media?parent=4032"}],"wp:term":[{"taxonomy":"category","embeddable":true,"href":"https:\/\/cbxonline.com.br\/index.php\/wp-json\/wp\/v2\/categories?post=4032"},{"taxonomy":"post_tag","embeddable":true,"href":"https:\/\/cbxonline.com.br\/index.php\/wp-json\/wp\/v2\/tags?post=4032"}],"curies":[{"name":"wp","href":"https:\/\/api.w.org\/{rel}","templated":true}]}}