{"id":3831,"date":"2023-09-06T10:20:21","date_gmt":"2023-09-06T13:20:21","guid":{"rendered":"https:\/\/cbxonline.com.br\/?p=3831"},"modified":"2023-09-06T10:20:24","modified_gmt":"2023-09-06T13:20:24","slug":"ferry-boat-contara-com-esquema-especial-para-feriadao-de-sete-de-setembro","status":"publish","type":"post","link":"https:\/\/cbxonline.com.br\/index.php\/2023\/09\/06\/ferry-boat-contara-com-esquema-especial-para-feriadao-de-sete-de-setembro\/","title":{"rendered":"Ferry-boat contar\u00e1 com esquema especial para &#8216;feriad\u00e3o&#8217; de sete de setembro"},"content":{"rendered":"\n<p>O sistema ferry-boat contar\u00e1 com uma opera\u00e7\u00e3o especial entre os dias 6 e 12 de setembro por causa da alta circula\u00e7\u00e3o no feriado da Independ\u00eancia do Brasil, celebrado na quinta-feira (7).&nbsp;<\/p>\n\n\n\n<p>A Internacional Travessias Salvador informou que cinco ferries estar\u00e3o dispon\u00edveis:<\/p>\n\n\n\n<p>Ivete Sangalo<\/p>\n\n\n\n<p>Maria Beth\u00e2nia<\/p>\n\n\n\n<p>Pinheiro<\/p>\n\n\n\n<p>Rio Paragua\u00e7u<\/p>\n\n\n\n<p>Zumbi dos Palmares<\/p>\n\n\n\n<p>As sa\u00eddas acontecer\u00e3o de hora em hora, com funcionamento regular das 5h \u00e0s 23h30, de segunda \u00e0 s\u00e1bado, e das 6h \u00e0s 23h30 nos domingos e feriados.<\/p>\n\n\n\n<p>Havendo a possibilidade de hor\u00e1rios extras caso exista um aumento na demanda durante o feriado, conforme a disponibilidade dos barcos.&nbsp;<\/p>\n\n\n\n<p>O previsto \u00e9 que, neste ano, o fluxo seja igual ou superior a 5% em rela\u00e7\u00e3o ao movimento registrado em 2022, no mesmo per\u00edodo, quando foram transportados entre os dois terminais um total de 97,5 mil pessoas e 15,9 mil ve\u00edculos.<\/p>\n\n\n\n<p><strong>Hora Marcada<\/strong><\/p>\n\n\n\n<p>Os usu\u00e1rios do sistema t\u00eam a op\u00e7\u00e3o do servi\u00e7o de Hora Marcada, que conta com 210 hor\u00e1rios extras, considerando viagens de ida e retorno.<\/p>\n\n\n\n<p>S\u00e3o 80 novos hor\u00e1rios de Hora Marcada no sentido Salvador\/Itaparica e 130 novos hor\u00e1rios no sentido Itaparica\/Salvador. As vagas para consulta e compra podem ser acessadas no site.<\/p>\n\n\n\n<p>O agendamento para o transporte de carros de passeio precisa ser feito por meio do SAC Digital. &nbsp;Diferente do servi\u00e7o de Hora Marcada, nesta modalidade de agendamento n\u00e3o \u00e9 necess\u00e1rio efetuar o pagamento antecipado e tamb\u00e9m n\u00e3o h\u00e1 taxa de servi\u00e7o.<\/p>\n\n\n\n<p>No site oficial da ITS \u00e9 poss\u00edvel acessar o Fil\u00f4metro, plataforma que permite a consulta pr\u00e9via sobre o melhor momento para se dirigir ao terminal e desta forma, evita filas.<\/p>\n\n\n\n<p><strong>Ferrycard<\/strong><\/p>\n\n\n\n<p>O servi\u00e7o de recarga do cart\u00e3o Ferrycard, estar\u00e1 dispon\u00edvel, mesmo nos dias de opera\u00e7\u00e3o especial, em guich\u00ea espec\u00edfico. Caso seja necess\u00e1ria a troca ou entrega de cart\u00f5es, o hor\u00e1rio de funcionamento do setor \u00e9 de segunda a sexta-feira, das 8h30 at\u00e9 12h, e das 13h30h \u00e0s 17h. N\u00e3o h\u00e1 funcionamento aos s\u00e1bados, domingos e feriados.<\/p>\n\n\n\n<p>No per\u00edodo do feriado, motoristas precisam se atentar para os dias de suspens\u00e3o da travessia de ve\u00edculos pesados. No sentido terminal S\u00e3o Joaquim para Bom Despacho, a suspens\u00e3o de embarque de caminh\u00f5es \u00e9 das 5h da quarta-feira (6) at\u00e9 \u00e0s 15h de quinta-feira (7).<\/p>\n\n\n\n<p>J\u00e1 no sentido do terminal Bom Despacho para S\u00e3o Joaquim, a suspens\u00e3o \u00e9 v\u00e1lida das 5h de domingo (10) at\u00e9 \u00e0s 15h de segunda-feira (11). Ve\u00edculos pesados que transportam alimentos, e tamb\u00e9m pacientes em tratamento m\u00e9dico fora do domic\u00edlio, poder\u00e3o embarcar normalmente no per\u00edodo de restri\u00e7\u00e3o.<\/p>\n\n\n\n<p>Fonte: Varela Net <\/p>\n","protected":false},"excerpt":{"rendered":"<p>O sistema ferry-boat contar\u00e1 com uma opera\u00e7\u00e3o especial entre os dias 6 e 12 de setembro por causa da alta circula\u00e7\u00e3o no feriado da Independ\u00eancia do Brasil, celebrado na quinta-feira (7).&nbsp; A Internacional Travessias Salvador informou que cinco ferries estar\u00e3o dispon\u00edveis: Ivete Sangalo Maria Beth\u00e2nia Pinheiro Rio Paragua\u00e7u Zumbi dos Palmares As sa\u00eddas acontecer\u00e3o de [&hellip;]<\/p>\n","protected":false},"author":2,"featured_media":3832,"comment_status":"open","ping_status":"open","sticky":false,"template":"","format":"standard","meta":{"jnews-multi-image_gallery":[],"jnews_single_post":{"subtitle":"","format":"standard","video":"","gallery":"","source_name":"","source_url":"","via_name":"","via_url":"","override_template":"0","override":[{"template":"1","single_blog_custom":"","parallax":"1","fullscreen":"1","layout":"right-sidebar","sidebar":"default-sidebar","second_sidebar":"default-sidebar","sticky_sidebar":"1","share_position":"top","share_float_style":"share-monocrhome","show_share_counter":"0","show_view_counter":"0","show_featured":"1","show_post_meta":"1","show_post_author":"0","show_post_author_image":"1","show_post_date":"1","post_date_format":"default","post_date_format_custom":"Y\/m\/d","show_post_category":"1","show_post_reading_time":"0","post_reading_time_wpm":"300","show_zoom_button":"0","zoom_button_out_step":"2","zoom_button_in_step":"3","show_post_tag":"1","show_prev_next_post":"1","show_popup_post":"1","number_popup_post":"1","show_author_box":"0","show_post_related":"0","show_inline_post_related":"0"}],"override_image_size":"0","image_override":[{"single_post_thumbnail_size":"no-crop","single_post_gallery_size":"crop-715"}],"trending_post":"0","trending_post_position":"meta","trending_post_label":"Trending","sponsored_post":"0","sponsored_post_label":"Sponsored by","sponsored_post_name":"","sponsored_post_url":"","sponsored_post_logo_enable":"0","sponsored_post_logo":"","sponsored_post_desc":"","disable_ad":"0"},"jnews_primary_category":{"id":"","hide":""},"footnotes":""},"categories":[85],"tags":[],"class_list":["post-3831","post","type-post","status-publish","format-standard","has-post-thumbnail","hentry","category-noticias"],"_links":{"self":[{"href":"https:\/\/cbxonline.com.br\/index.php\/wp-json\/wp\/v2\/posts\/3831","targetHints":{"allow":["GET"]}}],"collection":[{"href":"https:\/\/cbxonline.com.br\/index.php\/wp-json\/wp\/v2\/posts"}],"about":[{"href":"https:\/\/cbxonline.com.br\/index.php\/wp-json\/wp\/v2\/types\/post"}],"author":[{"embeddable":true,"href":"https:\/\/cbxonline.com.br\/index.php\/wp-json\/wp\/v2\/users\/2"}],"replies":[{"embeddable":true,"href":"https:\/\/cbxonline.com.br\/index.php\/wp-json\/wp\/v2\/comments?post=3831"}],"version-history":[{"count":1,"href":"https:\/\/cbxonline.com.br\/index.php\/wp-json\/wp\/v2\/posts\/3831\/revisions"}],"predecessor-version":[{"id":3833,"href":"https:\/\/cbxonline.com.br\/index.php\/wp-json\/wp\/v2\/posts\/3831\/revisions\/3833"}],"wp:featuredmedia":[{"embeddable":true,"href":"https:\/\/cbxonline.com.br\/index.php\/wp-json\/wp\/v2\/media\/3832"}],"wp:attachment":[{"href":"https:\/\/cbxonline.com.br\/index.php\/wp-json\/wp\/v2\/media?parent=3831"}],"wp:term":[{"taxonomy":"category","embeddable":true,"href":"https:\/\/cbxonline.com.br\/index.php\/wp-json\/wp\/v2\/categories?post=3831"},{"taxonomy":"post_tag","embeddable":true,"href":"https:\/\/cbxonline.com.br\/index.php\/wp-json\/wp\/v2\/tags?post=3831"}],"curies":[{"name":"wp","href":"https:\/\/api.w.org\/{rel}","templated":true}]}}