{"id":3797,"date":"2023-09-04T16:00:28","date_gmt":"2023-09-04T19:00:28","guid":{"rendered":"https:\/\/cbxonline.com.br\/?p=3797"},"modified":"2023-09-04T16:00:30","modified_gmt":"2023-09-04T19:00:30","slug":"predio-que-desabou-foi-construido-sobre-um-corrego-na-baixa-do-tubo","status":"publish","type":"post","link":"https:\/\/cbxonline.com.br\/index.php\/2023\/09\/04\/predio-que-desabou-foi-construido-sobre-um-corrego-na-baixa-do-tubo\/","title":{"rendered":"Pr\u00e9dio que desabou foi constru\u00eddo sobre um c\u00f3rrego na Baixa do Tubo"},"content":{"rendered":"\n<p>Foi tudo muito r\u00e1pido. Primeiro, a estrutura colapsou na base. Em seguida o pr\u00e9dio de dois andares foi cedendo e desmoronando por cima da loja de estofados que ficava no t\u00e9rreo e da garagem onde estava estacionada uma Mercedes. O acidente aconteceu no cruzamento das Ruas Edson Saldanha e Ant\u00f4nio Viana, em Cosme de Farias, na noite de domingo (3). Apesar do susto, ningu\u00e9m ficou ferido.<br><br>Moradores contaram que h\u00e1 cerca de cinco anos um pequeno sobrado foi constru\u00eddo \u00e0s margens do c\u00f3rrego que corta o bairro, e que nos \u00faltimos meses o propriet\u00e1rio resolveu ampliar a estrutura construindo um anexo em dire\u00e7\u00e3o \u00e0s \u00e1guas. A estrutura tinha t\u00e9rreo e dois pavimentos superiores. Na parte de baixo, o espa\u00e7o foi alugado para Ubiraci Santos, 64 anos, que montou uma loja de estofados. Ele estava em casa, no Cabula, quando recebeu a liga\u00e7\u00e3o dos vizinhos.<\/p>\n\n\n\n<p>\u201cMe disseram que o pr\u00e9dio tinha desabado, eu vim correndo e quando cheguei aqui j\u00e1 estava tudo destru\u00eddo. Ainda n\u00e3o sei o tamanho do preju\u00edzo, mas na loja tinha m\u00e1quinas, diversos equipamentos e os materiais dos clientes. Espero consegui resgatar pelo menos a minha caixa de ferramentas&#8221;, contou enquanto observava o trator recolhendo os escombros.<\/p>\n\n\n\n<p>Moradores disseram que primeiro houve um estalo, e depois, o barulho da estrutura caindo. Era por volta das 20h30. A parede da direita permaneceu inteira, mas tombou sobre os destro\u00e7os. O impacto atingiu a \u00e1rea de servi\u00e7o da casa do motoboy Jadson Souza, 29 anos, que ficava ao lado do sobrado. Ele estava na rua no momento do acidente.<\/p>\n\n\n\n<p>\u201cEntortou a grade da janela e destruiu parte da parede, mas a Codesal j\u00e1 avaliou e disse que n\u00e3o corre risco de desabamento, porque a estrutura n\u00e3o foi afetada. N\u00e3o tinha ningu\u00e9m em casa na hora\u201d, disse.<\/p>\n\n\n<div class=\"wp-block-image\">\n<figure class=\"aligncenter size-full\"><img fetchpriority=\"high\" decoding=\"async\" width=\"600\" height=\"400\" src=\"https:\/\/cbxonline.com.br\/wp-content\/uploads\/2023\/09\/image-1.png\" alt=\"\" class=\"wp-image-3799\" srcset=\"https:\/\/cbxonline.com.br\/wp-content\/uploads\/2023\/09\/image-1.png 600w, https:\/\/cbxonline.com.br\/wp-content\/uploads\/2023\/09\/image-1-300x200.png 300w\" sizes=\"(max-width: 600px) 100vw, 600px\" \/><\/figure><\/div>\n\n\n<p>Al\u00e9m do trator, trabalhadores precisaram usar picaretas para conseguir quebrar parte dos escombros e desobstruir a rua. Emocionada, a manicure Lucimara Soares, 27 anos, assistiu a cena acompanhada por amigas e familiares. Ela morava no segundo andar e perdeu todos os m\u00f3veis e eletrodom\u00e9sticos.<\/p>\n\n\n\n<p>\u201cEu sa\u00ed no final do dia, com alguns amigos, e algumas horas depois me ligaram. Eu pensei que fosse alguma coisa com minha av\u00f3, mas quando cheguei aqui foi essa trag\u00e9dia. Morava h\u00e1 cerca de dois anos, sozinha. Minha casa estava toda montada, e perdi tudo\u201d, disse. Ela passou a noite na casa da av\u00f3, no mesmo bairro.<\/p>\n\n\n\n<p>Lucimara contou que sentia abalos na estrutura durante a obra de amplia\u00e7\u00e3o do pr\u00e9dio, mas acreditava que fosse comum. A moradora n\u00e3o percebeu rachaduras e nem outros problemas estruturais. O auxiliar de dep\u00f3sito Cl\u00e9ber J\u00fanior, 25 anos, morava no primeiro andar do pr\u00e9dio que cedeu e tamb\u00e9m n\u00e3o notou mudan\u00e7as no edif\u00edcio.<\/p>\n\n\n\n<p>\u201cEstava na igreja e quando encerrou o culto recebi liga\u00e7\u00f5es de minha m\u00e3e e de colgas avisando que a casa em que eu estava morando de aluguel tinha desabado. Estava h\u00e1 tr\u00eas anos aqui, mas n\u00e3o tinha notado nenhum problema na estrutura\u201d, contou.<\/p>\n\n\n\n<p>Durante a retirada dos destro\u00e7os, outras pessoas se arriscaram para recolher fios e objetos de alum\u00ednio. Documentos foram encontrados e devolvidos aos locat\u00e1rios. O propriet\u00e1rio do pr\u00e9dio n\u00e3o foi localizado. Segundo os moradores, ele mora no mesmo bairro, mas n\u00e3o estava em casa e nem atendeu \u00e0s liga\u00e7\u00f5es. O carro dele, que segundo testemunhas era uma Mercedes, foi soterrado pelos escombros.<\/p>\n\n\n\n<p>O subprefeito Alan Muniz acompanhou o servi\u00e7o de limpeza e explicou que a constru\u00e7\u00e3o irregular em cima do canal pode ter contribu\u00eddo para a trag\u00e9dia. \u201cOs locat\u00f3rios compareceram junto com a Defesa Civil e o Corpo de Bombeiros, que trouxeram c\u00e3es farejadores para ver se tinha alguma v\u00edtima, mas n\u00e3o teve. Fizemos o isolamento e depois a retirada dos escombros\u201d, disse.<\/p>\n\n\n\n<p>No momento do acidente a igreja que ficava ao lado do pr\u00e9dio estava em culto e houve correria. Moradores relataram cheio forte de g\u00e1s. Os escombros obstru\u00edram a passagem da \u00e1gua do canal, o que reteve o volume, fez o c\u00f3rrego transbordar e deixou moradores preocupados. O fluxo voltou a fluir, mas o local ainda precisa ser liberado.<\/p>\n\n\n\n<p>Em nota, a Defesa Civil de Salvador (Codesal) informou que vistoriou o im\u00f3vel e confirmou que ele foi constru\u00eddo irregularmente e sem o acompanhamento de t\u00e9cnico habilitado. <\/p>\n\n\n\n<p>Fonte: Jornal Correio <\/p>\n","protected":false},"excerpt":{"rendered":"<p>Foi tudo muito r\u00e1pido. Primeiro, a estrutura colapsou na base. Em seguida o pr\u00e9dio de dois andares foi cedendo e desmoronando por cima da loja de estofados que ficava no t\u00e9rreo e da garagem onde estava estacionada uma Mercedes. O acidente aconteceu no cruzamento das Ruas Edson Saldanha e Ant\u00f4nio Viana, em Cosme de Farias, [&hellip;]<\/p>\n","protected":false},"author":2,"featured_media":3798,"comment_status":"open","ping_status":"open","sticky":false,"template":"","format":"standard","meta":{"jnews-multi-image_gallery":[],"jnews_single_post":{"subtitle":"","format":"standard","video":"","gallery":"","source_name":"","source_url":"","via_name":"","via_url":"","override_template":"0","override":[{"template":"1","single_blog_custom":"","parallax":"1","fullscreen":"1","layout":"right-sidebar","sidebar":"default-sidebar","second_sidebar":"default-sidebar","sticky_sidebar":"1","share_position":"top","share_float_style":"share-monocrhome","show_share_counter":"0","show_view_counter":"0","show_featured":"1","show_post_meta":"1","show_post_author":"0","show_post_author_image":"1","show_post_date":"1","post_date_format":"default","post_date_format_custom":"Y\/m\/d","show_post_category":"1","show_post_reading_time":"0","post_reading_time_wpm":"300","show_zoom_button":"0","zoom_button_out_step":"2","zoom_button_in_step":"3","show_post_tag":"1","show_prev_next_post":"1","show_popup_post":"1","number_popup_post":"1","show_author_box":"0","show_post_related":"0","show_inline_post_related":"0"}],"override_image_size":"0","image_override":[{"single_post_thumbnail_size":"no-crop","single_post_gallery_size":"crop-715"}],"trending_post":"0","trending_post_position":"meta","trending_post_label":"Trending","sponsored_post":"0","sponsored_post_label":"Sponsored by","sponsored_post_name":"","sponsored_post_url":"","sponsored_post_logo_enable":"0","sponsored_post_logo":"","sponsored_post_desc":"","disable_ad":"0"},"jnews_primary_category":{"id":"","hide":""},"footnotes":""},"categories":[85],"tags":[],"class_list":["post-3797","post","type-post","status-publish","format-standard","has-post-thumbnail","hentry","category-noticias"],"_links":{"self":[{"href":"https:\/\/cbxonline.com.br\/index.php\/wp-json\/wp\/v2\/posts\/3797","targetHints":{"allow":["GET"]}}],"collection":[{"href":"https:\/\/cbxonline.com.br\/index.php\/wp-json\/wp\/v2\/posts"}],"about":[{"href":"https:\/\/cbxonline.com.br\/index.php\/wp-json\/wp\/v2\/types\/post"}],"author":[{"embeddable":true,"href":"https:\/\/cbxonline.com.br\/index.php\/wp-json\/wp\/v2\/users\/2"}],"replies":[{"embeddable":true,"href":"https:\/\/cbxonline.com.br\/index.php\/wp-json\/wp\/v2\/comments?post=3797"}],"version-history":[{"count":1,"href":"https:\/\/cbxonline.com.br\/index.php\/wp-json\/wp\/v2\/posts\/3797\/revisions"}],"predecessor-version":[{"id":3800,"href":"https:\/\/cbxonline.com.br\/index.php\/wp-json\/wp\/v2\/posts\/3797\/revisions\/3800"}],"wp:featuredmedia":[{"embeddable":true,"href":"https:\/\/cbxonline.com.br\/index.php\/wp-json\/wp\/v2\/media\/3798"}],"wp:attachment":[{"href":"https:\/\/cbxonline.com.br\/index.php\/wp-json\/wp\/v2\/media?parent=3797"}],"wp:term":[{"taxonomy":"category","embeddable":true,"href":"https:\/\/cbxonline.com.br\/index.php\/wp-json\/wp\/v2\/categories?post=3797"},{"taxonomy":"post_tag","embeddable":true,"href":"https:\/\/cbxonline.com.br\/index.php\/wp-json\/wp\/v2\/tags?post=3797"}],"curies":[{"name":"wp","href":"https:\/\/api.w.org\/{rel}","templated":true}]}}