{"id":3785,"date":"2023-09-04T14:08:30","date_gmt":"2023-09-04T17:08:30","guid":{"rendered":"https:\/\/cbxonline.com.br\/?p=3785"},"modified":"2023-09-04T14:08:33","modified_gmt":"2023-09-04T17:08:33","slug":"vendas-de-automoveis-no-brasil-tem-alta-de-92-no-ano","status":"publish","type":"post","link":"https:\/\/cbxonline.com.br\/index.php\/2023\/09\/04\/vendas-de-automoveis-no-brasil-tem-alta-de-92-no-ano\/","title":{"rendered":"Vendas de autom\u00f3veis no Brasil t\u00eam alta de 9,2% no ano"},"content":{"rendered":"\n<p>As vendas de autom\u00f3veis registram alta de 9,22% no acumulado de janeiro a agosto em compara\u00e7\u00e3o com o mesmo per\u00edodo de 2022. Segundo balan\u00e7o da Federa\u00e7\u00e3o Nacional da Distribui\u00e7\u00e3o de Ve\u00edculos Automotores (Fenabrave) divulgado nesta segunda-feira (4), em S\u00e3o Paulo, os emplacamentos este ano somam 1,063 milh\u00e3o de carros, contra 973 mil nos primeiros oito meses do ano passado.<\/p>\n\n\n\n<p>Na compara\u00e7\u00e3o entre agosto deste ano e agosto de 2022, houve retra\u00e7\u00e3o de 1,1%, com a venda de 153,4 mil autom\u00f3veis.<\/p>\n\n\n\n<p>O presidente da Fenabrave, Andreta Jr, diz que a queda no m\u00eas acontece devido ao fim das medidas provis\u00f3rias que ofereciam descontos na compra de ve\u00edculos.<\/p>\n\n\n\n<p>\u201cAs a\u00e7\u00f5es do governo federal permitiram o acesso do consumidor, que havia perdido poder de compra, aos ve\u00edculos de entrada, o que demonstrou que o fator pre\u00e7o influencia na escala necess\u00e1ria para a recupera\u00e7\u00e3o do setor. As medidas provis\u00f3rias foram muito importantes para aquecer, momentaneamente, o mercado\u201d, analisou o executivo.<\/p>\n\n\n\n<p>Por\u00e9m, al\u00e9m do fim da vig\u00eancia das medidas, Andreta disse que h\u00e1 dificuldades na libera\u00e7\u00e3o de cr\u00e9dito, o que tem impactado negativamente o setor. \u201cNotamos que, nas \u00faltimas semanas, houve uma deteriora\u00e7\u00e3o acentuada na libera\u00e7\u00e3o de cr\u00e9dito, com um aumento de cerca de 20% nas recusas de fichas de financiamento por parte das institui\u00e7\u00f5es financeiras. O cr\u00e9dito est\u00e1 restrito e isso afeta muito o mercado\u201d, acrescentou.<\/p>\n\n\n\n<p><strong>Motos<\/strong><br>No acumulado de janeiro a agosto, as motocicletas registram alta de 21,17% nas vendas, com o emplacamento de 1,045 milh\u00e3o de unidades. Em agosto, os ve\u00edculos de duas rodas tiveram expans\u00e3o nas vendas de 20,38%, com a comercializa\u00e7\u00e3o de 142,7 mil motos.<\/p>\n\n\n\n<p>Apesar dos bons n\u00fameros, Andreta explicou que o segmento tamb\u00e9m enfrenta dificuldades com a libera\u00e7\u00e3o de empr\u00e9stimos. \u201cO consumidor tem buscado alternativas de cr\u00e9dito para a compra de motocicletas, especialmente, as de at\u00e9 250 cilindradas, e o cons\u00f3rcio surge como op\u00e7\u00e3o consolidada. Al\u00e9m disso, notamos uma boa participa\u00e7\u00e3o nas vendas \u00e0 vista\u201d, salientou.<\/p>\n\n\n\n<p><strong>Caminh\u00f5es<\/strong><br>O segmento de caminh\u00f5es tem queda de 16,66% no acumulado dos primeiros oito meses do ano, registrando a venda de 67,4 mil unidades. Em agosto, os emplacamentos de caminh\u00f5es ca\u00edram 27% em rela\u00e7\u00e3o ao mesmo m\u00eas de 2022, com a venda de nove mil unidades.<\/p>\n\n\n\n<p>\u201cO mercado est\u00e1 se ajustando em rela\u00e7\u00e3o aos valores dos ve\u00edculos e, em agosto, 77% dos caminh\u00f5es emplacados foram com a tecnologia Euro 6 [regra que restringe a emiss\u00e3o de poluentes para ve\u00edculos a diesel]\u201d, comentou o presidente da Fenabrave. Para ele, o setor dever\u00e1 ser beneficiado pelos programas de financiamento anunciados recentemente pelo governo federal.<\/p>\n\n\n\n<p>Fonte: Varela Net <\/p>\n","protected":false},"excerpt":{"rendered":"<p>As vendas de autom\u00f3veis registram alta de 9,22% no acumulado de janeiro a agosto em compara\u00e7\u00e3o com o mesmo per\u00edodo de 2022. Segundo balan\u00e7o da Federa\u00e7\u00e3o Nacional da Distribui\u00e7\u00e3o de Ve\u00edculos Automotores (Fenabrave) divulgado nesta segunda-feira (4), em S\u00e3o Paulo, os emplacamentos este ano somam 1,063 milh\u00e3o de carros, contra 973 mil nos primeiros oito [&hellip;]<\/p>\n","protected":false},"author":2,"featured_media":3786,"comment_status":"open","ping_status":"open","sticky":false,"template":"","format":"standard","meta":{"jnews-multi-image_gallery":[],"jnews_single_post":{"subtitle":"","format":"standard","video":"","gallery":"","source_name":"","source_url":"","via_name":"","via_url":"","override_template":"0","override":[{"template":"1","single_blog_custom":"","parallax":"1","fullscreen":"1","layout":"right-sidebar","sidebar":"default-sidebar","second_sidebar":"default-sidebar","sticky_sidebar":"1","share_position":"top","share_float_style":"share-monocrhome","show_share_counter":"0","show_view_counter":"0","show_featured":"1","show_post_meta":"1","show_post_author":"0","show_post_author_image":"1","show_post_date":"1","post_date_format":"default","post_date_format_custom":"Y\/m\/d","show_post_category":"1","show_post_reading_time":"0","post_reading_time_wpm":"300","show_zoom_button":"0","zoom_button_out_step":"2","zoom_button_in_step":"3","show_post_tag":"1","show_prev_next_post":"1","show_popup_post":"1","number_popup_post":"1","show_author_box":"0","show_post_related":"0","show_inline_post_related":"0"}],"override_image_size":"0","image_override":[{"single_post_thumbnail_size":"no-crop","single_post_gallery_size":"crop-715"}],"trending_post":"0","trending_post_position":"meta","trending_post_label":"Trending","sponsored_post":"0","sponsored_post_label":"Sponsored by","sponsored_post_name":"","sponsored_post_url":"","sponsored_post_logo_enable":"0","sponsored_post_logo":"","sponsored_post_desc":"","disable_ad":"0"},"jnews_primary_category":{"id":"","hide":""},"footnotes":""},"categories":[92],"tags":[],"class_list":["post-3785","post","type-post","status-publish","format-standard","has-post-thumbnail","hentry","category-economia"],"_links":{"self":[{"href":"https:\/\/cbxonline.com.br\/index.php\/wp-json\/wp\/v2\/posts\/3785","targetHints":{"allow":["GET"]}}],"collection":[{"href":"https:\/\/cbxonline.com.br\/index.php\/wp-json\/wp\/v2\/posts"}],"about":[{"href":"https:\/\/cbxonline.com.br\/index.php\/wp-json\/wp\/v2\/types\/post"}],"author":[{"embeddable":true,"href":"https:\/\/cbxonline.com.br\/index.php\/wp-json\/wp\/v2\/users\/2"}],"replies":[{"embeddable":true,"href":"https:\/\/cbxonline.com.br\/index.php\/wp-json\/wp\/v2\/comments?post=3785"}],"version-history":[{"count":1,"href":"https:\/\/cbxonline.com.br\/index.php\/wp-json\/wp\/v2\/posts\/3785\/revisions"}],"predecessor-version":[{"id":3787,"href":"https:\/\/cbxonline.com.br\/index.php\/wp-json\/wp\/v2\/posts\/3785\/revisions\/3787"}],"wp:featuredmedia":[{"embeddable":true,"href":"https:\/\/cbxonline.com.br\/index.php\/wp-json\/wp\/v2\/media\/3786"}],"wp:attachment":[{"href":"https:\/\/cbxonline.com.br\/index.php\/wp-json\/wp\/v2\/media?parent=3785"}],"wp:term":[{"taxonomy":"category","embeddable":true,"href":"https:\/\/cbxonline.com.br\/index.php\/wp-json\/wp\/v2\/categories?post=3785"},{"taxonomy":"post_tag","embeddable":true,"href":"https:\/\/cbxonline.com.br\/index.php\/wp-json\/wp\/v2\/tags?post=3785"}],"curies":[{"name":"wp","href":"https:\/\/api.w.org\/{rel}","templated":true}]}}