{"id":3763,"date":"2023-09-04T10:44:14","date_gmt":"2023-09-04T13:44:14","guid":{"rendered":"https:\/\/cbxonline.com.br\/?p=3763"},"modified":"2023-09-04T10:44:16","modified_gmt":"2023-09-04T13:44:16","slug":"homens-armados-invadem-o-calabar-e-causam-panico-nos-moradores","status":"publish","type":"post","link":"https:\/\/cbxonline.com.br\/index.php\/2023\/09\/04\/homens-armados-invadem-o-calabar-e-causam-panico-nos-moradores\/","title":{"rendered":"Homens armados invadem o Calabar e causam p\u00e2nico nos moradores"},"content":{"rendered":"\n<p>Um grupo com cerca de 40 homens fortemente armados invadiram o bairro do Calabar no domingo (3). A a\u00e7\u00e3o dos criminosos aconteceu em plena luz do dia, o que impressionou ainda mais os moradores da regi\u00e3o.\u00a0<\/p>\n\n\n\n<p>V\u00e1rios registros foram feitos nas redes sociais. As postagens informavam que os respons\u00e1veis pelo ataque s\u00e3o membros da fac\u00e7\u00e3o criminosa Comando Vermelho (CV) que busca o dom\u00ednio do tr\u00e1fico de drogas na regi\u00e3o.\u00a0<\/p>\n\n\n\n<p>Na manh\u00e3 desta segunda-feira (4) o policiamento foi refor\u00e7ado na regi\u00e3o. Relatos indicam que houve confronto durante a madrugada e por precau\u00e7\u00e3o, comerciantes do bairro n\u00e3o abriram seus empreendimentos neste in\u00edcio de semana.\u00a0<\/p>\n\n\n\n<p>Moradores tamb\u00e9m relataram que a invas\u00e3o teria sido anunciada pelos criminosos nas redes sociais, mas que ainda assim, n\u00e3o houve nenhuma a\u00e7\u00e3o policial para impedir a ofensiva.\u00a0<\/p>\n\n\n\n<p>Procurada a Pol\u00edcia Militar n\u00e3o respondeu aos questionamentos da reportagem. O posicionamento da corpora\u00e7\u00e3o ser\u00e1 inclu\u00edda na nota assim que for enviada. <\/p>\n\n\n\n<figure class=\"wp-block-embed is-type-rich is-provider-twitter wp-block-embed-twitter\"><div class=\"wp-block-embed__wrapper\">\n<blockquote class=\"twitter-tweet\" data-width=\"500\" data-dnt=\"true\"><p lang=\"pt\" dir=\"ltr\">Homens armados invadem o Calabar e causam p\u00e2nico nos moradores <a href=\"https:\/\/t.co\/BmfcLzougq\">pic.twitter.com\/BmfcLzougq<\/a><\/p>&mdash; Bahia Not\u00edcias (@BahiaNoticias) <a href=\"https:\/\/twitter.com\/BahiaNoticias\/status\/1698658076037873822?ref_src=twsrc%5Etfw\">September 4, 2023<\/a><\/blockquote><script async src=\"https:\/\/platform.twitter.com\/widgets.js\" charset=\"utf-8\"><\/script>\n<\/div><figcaption class=\"wp-element-caption\">Fonte: Bahia Not\u00edcias <\/figcaption><\/figure>\n","protected":false},"excerpt":{"rendered":"<p>Um grupo com cerca de 40 homens fortemente armados invadiram o bairro do Calabar no domingo (3). A a\u00e7\u00e3o dos criminosos aconteceu em plena luz do dia, o que impressionou ainda mais os moradores da regi\u00e3o.\u00a0 V\u00e1rios registros foram feitos nas redes sociais. As postagens informavam que os respons\u00e1veis pelo ataque s\u00e3o membros da fac\u00e7\u00e3o [&hellip;]<\/p>\n","protected":false},"author":2,"featured_media":3764,"comment_status":"open","ping_status":"open","sticky":false,"template":"","format":"standard","meta":{"jnews-multi-image_gallery":[],"jnews_single_post":{"subtitle":"","format":"standard","video":"","gallery":"","source_name":"","source_url":"","via_name":"","via_url":"","override_template":"0","override":[{"template":"1","single_blog_custom":"","parallax":"1","fullscreen":"1","layout":"right-sidebar","sidebar":"default-sidebar","second_sidebar":"default-sidebar","sticky_sidebar":"1","share_position":"top","share_float_style":"share-monocrhome","show_share_counter":"0","show_view_counter":"0","show_featured":"1","show_post_meta":"1","show_post_author":"0","show_post_author_image":"1","show_post_date":"1","post_date_format":"default","post_date_format_custom":"Y\/m\/d","show_post_category":"1","show_post_reading_time":"0","post_reading_time_wpm":"300","show_zoom_button":"0","zoom_button_out_step":"2","zoom_button_in_step":"3","show_post_tag":"1","show_prev_next_post":"1","show_popup_post":"1","number_popup_post":"1","show_author_box":"0","show_post_related":"0","show_inline_post_related":"0"}],"override_image_size":"0","image_override":[{"single_post_thumbnail_size":"no-crop","single_post_gallery_size":"crop-715"}],"trending_post":"0","trending_post_position":"meta","trending_post_label":"Trending","sponsored_post":"0","sponsored_post_label":"Sponsored by","sponsored_post_name":"","sponsored_post_url":"","sponsored_post_logo_enable":"0","sponsored_post_logo":"","sponsored_post_desc":"","disable_ad":"0"},"jnews_primary_category":{"id":"","hide":""},"footnotes":""},"categories":[105],"tags":[],"class_list":["post-3763","post","type-post","status-publish","format-standard","has-post-thumbnail","hentry","category-policia"],"_links":{"self":[{"href":"https:\/\/cbxonline.com.br\/index.php\/wp-json\/wp\/v2\/posts\/3763","targetHints":{"allow":["GET"]}}],"collection":[{"href":"https:\/\/cbxonline.com.br\/index.php\/wp-json\/wp\/v2\/posts"}],"about":[{"href":"https:\/\/cbxonline.com.br\/index.php\/wp-json\/wp\/v2\/types\/post"}],"author":[{"embeddable":true,"href":"https:\/\/cbxonline.com.br\/index.php\/wp-json\/wp\/v2\/users\/2"}],"replies":[{"embeddable":true,"href":"https:\/\/cbxonline.com.br\/index.php\/wp-json\/wp\/v2\/comments?post=3763"}],"version-history":[{"count":1,"href":"https:\/\/cbxonline.com.br\/index.php\/wp-json\/wp\/v2\/posts\/3763\/revisions"}],"predecessor-version":[{"id":3765,"href":"https:\/\/cbxonline.com.br\/index.php\/wp-json\/wp\/v2\/posts\/3763\/revisions\/3765"}],"wp:featuredmedia":[{"embeddable":true,"href":"https:\/\/cbxonline.com.br\/index.php\/wp-json\/wp\/v2\/media\/3764"}],"wp:attachment":[{"href":"https:\/\/cbxonline.com.br\/index.php\/wp-json\/wp\/v2\/media?parent=3763"}],"wp:term":[{"taxonomy":"category","embeddable":true,"href":"https:\/\/cbxonline.com.br\/index.php\/wp-json\/wp\/v2\/categories?post=3763"},{"taxonomy":"post_tag","embeddable":true,"href":"https:\/\/cbxonline.com.br\/index.php\/wp-json\/wp\/v2\/tags?post=3763"}],"curies":[{"name":"wp","href":"https:\/\/api.w.org\/{rel}","templated":true}]}}