{"id":3604,"date":"2023-08-30T12:01:34","date_gmt":"2023-08-30T15:01:34","guid":{"rendered":"https:\/\/cbxonline.com.br\/?p=3604"},"modified":"2023-08-30T12:01:36","modified_gmt":"2023-08-30T15:01:36","slug":"globo-exclui-caldeirao-com-mion-de-grade-fixa-da-emissora-em-2024-diz-colunista","status":"publish","type":"post","link":"https:\/\/cbxonline.com.br\/index.php\/2023\/08\/30\/globo-exclui-caldeirao-com-mion-de-grade-fixa-da-emissora-em-2024-diz-colunista\/","title":{"rendered":"Globo exclui \u201cCaldeir\u00e3o com Mion\u201d de grade fixa da emissora em 2024, diz colunista"},"content":{"rendered":"\n<p>A programa\u00e7\u00e3o fixa da&nbsp;<a href=\"https:\/\/www.bahianoticias.com.br\/tags\/tv-globo\" target=\"_blank\" rel=\"noreferrer noopener\">TV Globo<\/a>&nbsp;aos s\u00e1bados pode mudar em 2024. Isso porque, executivos&nbsp; de programa\u00e7\u00e3o e do setor comercial da emissora teriam decidido em reuni\u00e3o nesta semana pelo fim do \u201cCaldeir\u00e3o com Mion\u201d em 2024. A informa\u00e7\u00e3o \u00e9 do colunista Alessandro Lo-Bianco, para o portal IG.&nbsp;<\/p>\n\n\n\n<p>De acordo com o colunista, a partir de abril do ano que vem, o programa comandado por\u00a0Marcos Mion\u00a0n\u00e3o far\u00e1 mais parte da programa\u00e7\u00e3o dos s\u00e1bados da Globo.\u00a0<\/p>\n\n\n\n<p>Diferente do que se especula, n\u00e3o \u00e9 a audi\u00eancia da atra\u00e7\u00e3o que incomoda a emissora, mas a marca \u201cCaldeir\u00e3o\u201d que j\u00e1 n\u00e3o est\u00e1 mais t\u00e3o atrativa para o mercado como deveria.<\/p>\n\n\n\n<p>Ainda segundo a publica\u00e7\u00e3o, fontes do canal revelaram que a dire\u00e7\u00e3o da emissora vai avaliar agora tr\u00eas cen\u00e1rios nas pr\u00f3ximas reuni\u00f5es.&nbsp; O primeiro \u00e9 encerrar o \u201cCaldeir\u00e3o com Mion\u201d e manter o apresentador aos s\u00e1bados com um novo programa.&nbsp;<\/p>\n\n\n\n<p>A segunda op\u00e7\u00e3o sugerida \u00e9 tirar o \u201cCaldeir\u00e3o com Mion\u201d do ar e colocar Sabrina Sato na programa\u00e7\u00e3o, realizando a estreia da apresentadora na TV aberta com um programa pr\u00f3prio e in\u00e9dito. A terceira ideia \u00e9 encerrar com a programa\u00e7\u00e3o fixa vespertina e fazer um rod\u00edzio de temporadas com as novas atra\u00e7\u00f5es que est\u00e3o sendo produzidas pelo GNT, canal da Globo na TV por assinatura.\u00a0<\/p>\n\n\n\n<p>Fonte: Bahia Not\u00edcias <\/p>\n","protected":false},"excerpt":{"rendered":"<p>A programa\u00e7\u00e3o fixa da&nbsp;TV Globo&nbsp;aos s\u00e1bados pode mudar em 2024. Isso porque, executivos&nbsp; de programa\u00e7\u00e3o e do setor comercial da emissora teriam decidido em reuni\u00e3o nesta semana pelo fim do \u201cCaldeir\u00e3o com Mion\u201d em 2024. A informa\u00e7\u00e3o \u00e9 do colunista Alessandro Lo-Bianco, para o portal IG.&nbsp; De acordo com o colunista, a partir de abril [&hellip;]<\/p>\n","protected":false},"author":2,"featured_media":3605,"comment_status":"open","ping_status":"open","sticky":false,"template":"","format":"standard","meta":{"jnews-multi-image_gallery":[],"jnews_single_post":{"subtitle":"","format":"standard","video":"","gallery":"","source_name":"","source_url":"","via_name":"","via_url":"","override_template":"0","override":[{"template":"1","single_blog_custom":"","parallax":"1","fullscreen":"1","layout":"right-sidebar","sidebar":"default-sidebar","second_sidebar":"default-sidebar","sticky_sidebar":"1","share_position":"top","share_float_style":"share-monocrhome","show_share_counter":"0","show_view_counter":"0","show_featured":"1","show_post_meta":"1","show_post_author":"0","show_post_author_image":"1","show_post_date":"1","post_date_format":"default","post_date_format_custom":"Y\/m\/d","show_post_category":"1","show_post_reading_time":"0","post_reading_time_wpm":"300","show_zoom_button":"0","zoom_button_out_step":"2","zoom_button_in_step":"3","show_post_tag":"1","show_prev_next_post":"1","show_popup_post":"1","number_popup_post":"1","show_author_box":"0","show_post_related":"0","show_inline_post_related":"0"}],"override_image_size":"0","image_override":[{"single_post_thumbnail_size":"no-crop","single_post_gallery_size":"crop-715"}],"trending_post":"0","trending_post_position":"meta","trending_post_label":"Trending","sponsored_post":"0","sponsored_post_label":"Sponsored by","sponsored_post_name":"","sponsored_post_url":"","sponsored_post_logo_enable":"0","sponsored_post_logo":"","sponsored_post_desc":"","disable_ad":"0"},"jnews_primary_category":{"id":"","hide":""},"footnotes":""},"categories":[93],"tags":[],"class_list":["post-3604","post","type-post","status-publish","format-standard","has-post-thumbnail","hentry","category-entretenimento"],"_links":{"self":[{"href":"https:\/\/cbxonline.com.br\/index.php\/wp-json\/wp\/v2\/posts\/3604","targetHints":{"allow":["GET"]}}],"collection":[{"href":"https:\/\/cbxonline.com.br\/index.php\/wp-json\/wp\/v2\/posts"}],"about":[{"href":"https:\/\/cbxonline.com.br\/index.php\/wp-json\/wp\/v2\/types\/post"}],"author":[{"embeddable":true,"href":"https:\/\/cbxonline.com.br\/index.php\/wp-json\/wp\/v2\/users\/2"}],"replies":[{"embeddable":true,"href":"https:\/\/cbxonline.com.br\/index.php\/wp-json\/wp\/v2\/comments?post=3604"}],"version-history":[{"count":1,"href":"https:\/\/cbxonline.com.br\/index.php\/wp-json\/wp\/v2\/posts\/3604\/revisions"}],"predecessor-version":[{"id":3606,"href":"https:\/\/cbxonline.com.br\/index.php\/wp-json\/wp\/v2\/posts\/3604\/revisions\/3606"}],"wp:featuredmedia":[{"embeddable":true,"href":"https:\/\/cbxonline.com.br\/index.php\/wp-json\/wp\/v2\/media\/3605"}],"wp:attachment":[{"href":"https:\/\/cbxonline.com.br\/index.php\/wp-json\/wp\/v2\/media?parent=3604"}],"wp:term":[{"taxonomy":"category","embeddable":true,"href":"https:\/\/cbxonline.com.br\/index.php\/wp-json\/wp\/v2\/categories?post=3604"},{"taxonomy":"post_tag","embeddable":true,"href":"https:\/\/cbxonline.com.br\/index.php\/wp-json\/wp\/v2\/tags?post=3604"}],"curies":[{"name":"wp","href":"https:\/\/api.w.org\/{rel}","templated":true}]}}