{"id":3595,"date":"2023-08-30T11:37:25","date_gmt":"2023-08-30T14:37:25","guid":{"rendered":"https:\/\/cbxonline.com.br\/?p=3595"},"modified":"2023-08-30T11:38:15","modified_gmt":"2023-08-30T14:38:15","slug":"faccoes-do-rio-sp-disputam-terreno-na-bahia-e-formam-aliancas-entenda","status":"publish","type":"post","link":"https:\/\/cbxonline.com.br\/index.php\/2023\/08\/30\/faccoes-do-rio-sp-disputam-terreno-na-bahia-e-formam-aliancas-entenda\/","title":{"rendered":"Fac\u00e7\u00f5es do Rio-SP disputam terreno na Bahia e formam alian\u00e7as; entenda"},"content":{"rendered":"\n<p>Armamento pesado, metralhadoras, granadas, equipamento de guerra, um verdadeiro arsenal \u00e0 disposi\u00e7\u00e3o do crime. Em julho deste ano, uma a\u00e7\u00e3o conjunta entre as pol\u00edcias Civil, Militar e Federal resultou na\u00a0apreens\u00e3o de 13 fuzis\u00a0e outros equipamentos que seriam usados na chamada\u00a0 &#8220;Guerra do Tr\u00e1fico&#8221;. Esta foi a maior apreens\u00e3o registrada desse tipo na Bahia. S\u00f3 no primeiro semestre de 2023, foram 35 fuzis apreendidas pelas for\u00e7as policiais. E qual seria a origem do armamento? Especialistas e autoridades indicam que as armas foram fornecidas por fac\u00e7\u00f5es do eixo Rio-S\u00e3o Paulo, que t\u00eam coliga\u00e7\u00e3o com organiza\u00e7\u00f5es criminosas na Bahia. O material seria usado para invadir e conquistar territ\u00f3rios de rivais, al\u00e9m de outros objetivos.<\/p>\n\n\n\n<p>Ainda sobre o desfecho da opera\u00e7\u00e3o policial feita em julho, as investiga\u00e7\u00f5es apontaram que as armas apreendidas faziam parte de aparato fornecido pelo Comando Vermelho (CV), fac\u00e7\u00e3o do Rio de Janeiro que se estabeleceu de vez na Bahia ap\u00f3s um &#8216;casamento&#8217; com o Comando da Paz, em meados de 2020. Na ocasi\u00e3o, inclusive, o grupo havia acabado de realizar uma investida contra a fac\u00e7\u00e3o denominada Bonde Do Maluco (BDM), que \u00e9 visto como o principal rival no estado.<\/p>\n\n\n\n<p><strong>Conex\u00f5es&nbsp;<\/strong><\/p>\n\n\n\n<p>No in\u00edcio de agosto deste ano, M\u00e1rcio Arandiba Santos, o &#8216;Tila&#8217;,&nbsp;foi localizado e preso em&nbsp;Curicica, no Rio de Janeiro. Ele \u00e9 apontado como bra\u00e7o do CV em Ilh\u00e9us. Foragido da Bahia desde 2018, quando recebeu um benef\u00edcio de indulto do Conjunto Penal de Jequi\u00e9 e n\u00e3o voltou mais, ele orquestrava, mesmo \u00e0 dist\u00e2ncia, ataques, determinava execu\u00e7\u00f5es, roubos e comandava outros tipos de a\u00e7\u00f5es.<\/p>\n\n\n\n<p>Do outro lado da moeda, o Primeiro Comando da Capital (PCC) tamb\u00e9m chegou a se estabelecer na Bahia por meio de uma alian\u00e7a com o BDM. Em maio deste ano, durante a<a rel=\"noreferrer noopener\" href=\"https:\/\/atarde.com.br\/bahia\/operacao-conjunta-entre-policias-faz-varreduras-em-ilha-de-mare-1229155\" target=\"_blank\"><\/a>&nbsp;opera\u00e7\u00e3o Terra Livre, a Pol\u00edcia Federal descobriu que o grupo transformou a Ilha de Mar\u00e9, em Salvador, em um centro de opera\u00e7\u00f5es do crime.<\/p>\n\n\n\n<p>\u201cEssa ilha \u00e9 o lugar de ref\u00fagio de grandes traficantes do BDM. Por ser um local isolado, serve como um grande bunker, esconderijo de drogas e armas, al\u00e9m de ref\u00fagio ap\u00f3s algum ato il\u00edcito, a exemplo de ataques a institui\u00e7\u00f5es financeiras, ataques a fac\u00e7\u00f5es rivais para expans\u00e3o territorial do BDM, em Salvador\u201d, disse a PF na ocasi\u00e3o.<\/p>\n\n\n\n<p>Diferente do casamento entre o CP e o CV, a alian\u00e7a entre o BDM e o PCC seria mais um &#8216;acordo de neg\u00f3cios&#8217; e estaria enfraquecida com a chegada de um terceiro elemento, a Terceiro Comando Puro (TCP), principal rival do CV no estado do Rio de Janeiro.<\/p>\n\n\n\n<p>&#8220;H\u00e1 dois ou tr\u00eas anos os integrants dessa fac\u00e7\u00e3o [CP] se intitulam como sendo de uma organiza\u00e7\u00e3o maior, com hegemonia no estado do Rio de Janeiro [CV]. Aqueles que operam com essa atividade, principalmente com com\u00e9rcio ilegal de drogas, buscam rotas para adquirir esses produtos com custo menor e trazer uma vantagem econ\u00f4mica maior&#8221;, revelou o diretor do Departamento Especializado de Investiga\u00e7\u00e3o e Repress\u00e3o ao Narcotr\u00e1fico (Denarc-BA) Jos\u00e9 Alves Bezerra.<\/p>\n\n\n\n<p><strong>Causa e consequ\u00eancia&nbsp;<\/strong><\/p>\n\n\n\n<p>Conforme o titular da Delegacia de Repress\u00e3o a Entorpecentes e do Grupo de Investiga\u00e7\u00f5es Sens\u00edveis da Pol\u00edcia Federal (PF), Rodrigo Andrade, a alian\u00e7a feita pelas fac\u00e7\u00f5es da Bahia ainda seria uma forma de&nbsp;autoprote\u00e7\u00e3o. \u201cOs que eram do Comando da Paz fizeram alian\u00e7a com os do Comando Vermelho. Ent\u00e3o, se o BDM ficasse aqui sozinho, com certeza o Comando Vermelho viria muito mais forte e uma hora tomaria tudo\u201d.<\/p>\n\n\n\n<p>No entanto, n\u00e3o s\u00e3o apenas essas duas fac\u00e7\u00f5es que&nbsp;<a rel=\"noreferrer noopener\" href=\"https:\/\/atarde.com.br\/bahia\/bahiasalvador\/troca-de-tiros-assusta-passageiros-na-estacao-da-lapa-1225386\" target=\"_blank\">tiram o sono da popula\u00e7\u00e3o baiana<\/a>, afetada pela viol\u00eancia gerada na briga pelo poder paralelo. Segundo informa\u00e7\u00f5es que o&nbsp;<strong>Portal A TARDE<\/strong>&nbsp;teve acesso com exclusividade, j\u00e1 foram catalogadas apari\u00e7\u00f5es de ao menos 35 fac\u00e7\u00f5es criminosas em territ\u00f3rio baiano. Algumas pequenas e com atua\u00e7\u00f5es restritas, outras grandes e com alcances interestaduais, como \u00e9 o caso do BDM, do Comando da Paz (agora Comando Vermelho) e a Katiara.<\/p>\n\n\n\n<p>&#8220;A gente observa uma maior organiza\u00e7\u00e3o de grupos criminosos aqui na Bahia, principalmente com a chegada dessas fac\u00e7\u00f5es [PCC e CV] de \u00e2mbito nacional nos \u00faltimos anos. Est\u00e1 acontecendo n\u00e3o s\u00f3 na Bahia, mas no Brasil inteiro. Essas fac\u00e7\u00f5es, digamos, maiores, est\u00e3o engolindo as fac\u00e7\u00f5es regionais locais. Por conta da chegada dessas novas fac\u00e7\u00f5es, essa disputa de territ\u00f3rio aumentou e a gente est\u00e1 vendo uma escalada de viol\u00eancia&#8221;, pontuou o delegado da Delegacia de Repress\u00e3o a entorpecentes e o Grupo de Investiga\u00e7\u00f5es Sens\u00edveis da Pol\u00edcia federal, Diego Gordilho.<\/p>\n\n\n\n<p>Organizadas, e com tarefas bem distribu\u00eddas, as fac\u00e7\u00f5es&nbsp; funcionam como verdadeiras empresas do crime. No entanto, existe uma pequena varia\u00e7\u00e3o: os papeis geralmente s\u00e3o distribu\u00eddos em lideran\u00e7a, os chef\u00f5es do crime, al\u00e9m do gerente, de<em>&nbsp;joker<\/em>&nbsp;(uma esp\u00e9cie de&nbsp;&nbsp;multifun\u00e7\u00f5es) e do l\u00edder de bonde (respons\u00e1vel por comandar invas\u00f5es e ataques a grupos rivais).<\/p>\n\n\n\n<p>&#8220;No passado n\u00e3o muito distante, era uma vis\u00e3o muito mais local. Mais imediatista. [O traficante] ia numa boca de fumo e vendia a droga. Hoje, j\u00e1 existe uma vis\u00e3o muito mais empresarial, um&nbsp;<em>business<\/em>. E aparece a necessidade de fazer circular [mercadorias], expandir territ\u00f3rios. As poss\u00edveis alian\u00e7as com criminosos de outros estados nada mais \u00e9 do que essa tentativa de expandir o seu mercado, expandir as ramifica\u00e7\u00f5es para gerar mais&nbsp;<em>business<\/em>&nbsp;e mais em dinheiro criminal&#8221;, continuou Gordilho.<\/p>\n\n\n\n<p><strong>PCC e CV na Bahia<\/strong><\/p>\n\n\n\n<p>De acordo com o delegado Regional de Pol\u00edcia Judici\u00e1ria da Pol\u00edcia Federal, Marcelo Andrade Siqueira, a Bahia se tornou um alvo das fac\u00e7\u00f5es do eixo Rio-S\u00e3o Paulo devido a sua localiza\u00e7\u00e3o estrat\u00e9gica,&nbsp;seus portos e potencial consumo.<\/p>\n\n\n\n<p>&#8220;A Bahia \u00e9 um grande corredor para o Nordeste. [A droga] vem do Sudeste e do Oeste, ap\u00f3s entrar pela Bol\u00edvia, Peru, os pa\u00edses produtores. Aqui, o destino geralmente \u00e9 a Europa. No caso, via navio. O Brasil \u00e9 um grande exportador de coca\u00edna para Europa&#8221;, explicou.<\/p>\n\n\n\n<p>Uma vez aqui, as drogas &#8216;ganham&#8217; o mundo. &#8220;As fac\u00e7\u00f5es nacionais est\u00e3o associadas a outras internacionais. Existe uma associa\u00e7\u00e3o com uma fac\u00e7\u00e3o importante da It\u00e1lia que domina o Porto ali da regi\u00e3o da Cal\u00e1bria. Ent\u00e3o assim, essa exporta\u00e7\u00e3o j\u00e1 sairia daqui do Brasil, iria ali para o sul da It\u00e1lia e ali j\u00e1 teria uma organiza\u00e7\u00e3o criminosa da It\u00e1lia que pegaria essa droga para fazer a difus\u00e3o l\u00e1 na Europa&#8221;,&nbsp;<\/p>\n\n\n\n<p>O colega de corpora\u00e7\u00e3o, o delegado da PF, Ricardo Andrade, acrescenta que n\u00e3o s\u00f3 de exporta\u00e7\u00e3o vivem as alian\u00e7as. Em diferentes ocasi\u00f5es, os &#8216;casamentos&#8217; ou acordos s\u00e3o alimentados por &#8220;troca de favores&#8221; e o interesse no mercado local.<\/p>\n\n\n\n<p>&#8220;As drogas chegam para abastecer o mercado local e o mercado de exporta\u00e7\u00e3o. Ent\u00e3o, cidades como Salvador, que t\u00eam portos que fazem a conex\u00e3o internacional, servem para o abastecimento do mercado interno e exporta\u00e7\u00e3o para pa\u00edses da Europa, \u00c1frica&#8221;, explicou a autoridade policial.<\/p>\n\n\n\n<p>Para funcionar, o esquema conta com a ajuda de funcion\u00e1rios de portos e empresas que, muitas vezes, seriam integrantes dessas fac\u00e7\u00f5es.<\/p>\n\n\n\n<p>Marcelo relembra algumas apreens\u00f5es de cargas dentro de cont\u00eainer de fruta. &#8220;De alguma forma, esse caminh\u00e3o \u00e9 desviado no caminho. Existem v\u00e1rias formas, mas a principal \u00e9 quando o motorista desvia, leva para um galp\u00e3o. Ao chegar no galp\u00e3o, os integrantes do esquema&nbsp; trocam caixas de fruta por caixas de coca\u00edna [\u2026] A gente j\u00e1 pegou empresa exportadora envolvida no caso. A droga j\u00e1 era colocada dentro da pr\u00f3pria empresa. A empresa era criada com a justificativas de exporta\u00e7\u00e3o de fruta. Mas, na verdade, o objetivo principal era colocar droga&#8221;.<\/p>\n\n\n\n<p><strong>Mudan\u00e7a de &#8220;fechamento&#8221;<\/strong><\/p>\n\n\n\n<p>Ap\u00f3s um suposto fracasso do PCC em se fixar de vez na Bahia, como em outros estados do Nordeste, surgiu uma aproxima\u00e7\u00e3o entre o BDM e o TCP. Um v\u00eddeo que voltou a circular as redes sociais trouxe \u00e0 tona a alian\u00e7a entre a rival do CV na Bahia com a do Rio.<\/p>\n\n\n\n<p>As imagens mostram as siglas do BDM e TCP pichadas em uma parede em Santo Amaro. Segundo os dados obtidos pela reportagem, o BDM possui o maior dom\u00ednio territorial na capital baiana. Ao todo, a estimativa \u00e9 de que o &#8220;tudo 3&#8221;, como \u00e9 referenciada, ocupe 75 localidades em Salvador. J\u00e1 a segunda maior da capital, o CP\/CV estaria estabelecida em 35 delas. Entre as localidades, est\u00e1 o complexo do Nordeste de Amaralina, o maior conjunto de bairros da cidade.<\/p>\n\n\n\n<p>J\u00e1 a Katiara, que n\u00e3o teria uma alian\u00e7a fixa com nenhuma delas, mas acordos comercias, ocuparia parte de um territ\u00f3rio cobi\u00e7ado por todas as fac\u00e7\u00f5es locais, a regi\u00e3o de Val\u00e9ria, pr\u00f3xima da BR- 324. &#8220;A localidade \u00e9 estrat\u00e9gica. Ali \u00e9 a sa\u00edda e a entrada da cidade, um ponto interestadual. Um local de grande interesse, tanto que h\u00e1 uma disputa entre duas ou tr\u00eas fac\u00e7\u00f5es criminosas que tentam controlar a regi\u00e3o&#8221;, disse Andrade.<\/p>\n\n\n\n<p>Apesar de considerar a \u00e1rea de atua\u00e7\u00e3o, o delegado Gordilho salienta que os dom\u00ednios dos grupos criminosos costumam ser sazonais .&#8221;Isso n\u00e3o \u00e9 uma coisa fixa. Esses territ\u00f3rios s\u00e3o sempre alvos de disputas&#8221;.<\/p>\n\n\n\n<p>&#8220;No \u00faltimo per\u00edodo [de disputa], houve uma movimenta\u00e7\u00e3o das organiza\u00e7\u00f5es ligadas ao tr\u00e1fico de armas e de drogas para todo o Nordeste. Na Bahia, somado a isso, aconteceu uma pulveriza\u00e7\u00e3o, com o com\u00e9rcio feito por diversas organiza\u00e7\u00f5es. A exist\u00eancia desse conjunto amplo impacta na ocorr\u00eancia de eventos de confronto por disputa de mercado e outras brigas&#8221;, destacou Dudu Ribeiro, especialista em Seguran\u00e7a P\u00fablica.<\/p>\n\n\n\n<p>Em julho, o Instituto Fogo Cruzado mapeou 178 tiroteios que resultaram na morte de 151 pessoas e deixaram 36 pessoas feridas, em Salvador e Regi\u00e3o Metropolitana. Do total de tiroteios registrados, 67 deles ocorreram durante a\u00e7\u00f5es e opera\u00e7\u00f5es policiais e deixaram 64 pessoas mortas e 12 feridas.<\/p>\n\n\n\n<p>Das 64 mortes registradas nessas a\u00e7\u00f5es, duas foram por bala perdida. Julho \u00e9 o m\u00eas com o maior n\u00famero de pessoas mortas em a\u00e7\u00f5es policiais desde que o instituto iniciou seu mapeamento, em julho de 2022. No meio da &#8220;Guerra do Tr\u00e1fico&#8221;, inocentes s\u00e3o atingidos. Segundo estimativa da Pol\u00edcia Civil, cerca de 75% dos homic\u00eddios cometidos no estado teria liga\u00e7\u00e3o, seja de forma direto ou indireta, com o com\u00e9rcio ilegal de entorpecentes.<\/p>\n\n\n\n<p><strong>Modus Operandi<\/strong><\/p>\n\n\n\n<p>A chegada de fac\u00e7\u00f5es do eixo Rio-S\u00e3o Paulo trouxe tamb\u00e9m a influ\u00eancia e o Modus Operandi dessas organiza\u00e7\u00f5es criminosas. Ataques orquestrados, como barricadas para dificultar a a\u00e7\u00e3o policial, sequestro e roubos de empresas privadas, monitoramento atrav\u00e9s de c\u00e2meras instaladas na localidade,&nbsp;cobran\u00e7as de servi\u00e7o de internet&nbsp;e ass\u00e9dios a moradores, al\u00e9m&nbsp; do embate mais frequente com as for\u00e7as policiais, s\u00e3o observadas pelas for\u00e7as policiais.<\/p>\n\n\n\n<p>&#8220;Ent\u00e3o, de uma certa forma, deixa de ser uma imita\u00e7\u00e3o do que acontece em outros lugares. Em outros pontos, a gente tem visto a atua\u00e7\u00e3o do Comando Vermelho bem parecida com a que acontece em Salvador, baseada no papel que desempenham no Rio. Barricadas,&nbsp;inc\u00eandios em \u00f4nibus, essa viol\u00eancia contra as for\u00e7as policiais. Quest\u00f5es de explora\u00e7\u00e3o de internet,&nbsp; assalto a caminh\u00e3o de estabelecimento comercial. Modus operandi j\u00e1 conhecido dessa fac\u00e7\u00e3o no Rio de Janeiro&#8221;, disse delegado Marcelo Andrade.<\/p>\n\n\n\n<figure class=\"wp-block-image\"><img decoding=\"async\" src=\"https:\/\/cdn.atarde.com.br\/img\/inline\/1240000\/0x0\/Faccoes-do-Rio-SP-disputam-terreno-na-Bahia-e-form0124054502202308301121.webp?fallback=https%3A%2F%2Fcdn.atarde.com.br%2Fimg%2Finline%2F1240000%2FFaccoes-do-Rio-SP-disputam-terreno-na-Bahia-e-form0124054502202308301121.jpg%3Fxid%3D5938579&amp;xid=5938579\" alt=\"\u00d4nibus incendiado por grupo criminoso em Salvador\"\/><\/figure>\n\n\n\n<p>Para Dudu Ribeiro, o crescimento da viol\u00eancia&nbsp; tamb\u00e9m tem a responsabilidade do Estado. &#8220;Acredito que mais do que ind\u00edcios da presen\u00e7a dessas organiza\u00e7\u00f5es, a gente tem observado, talvez nos \u00faltimos cinco anos, a migra\u00e7\u00e3o das organiza\u00e7\u00f5es para o Nordeste. \u00c9 o resultado da continuidade de uma pol\u00edtica chamada de guerras \u00e0s drogas, que n\u00e3o \u00e9 uma guerra contra subst\u00e2ncias, \u00e9 uma guerra contra as pessoas. E isso n\u00e3o tende a desmontar as organiza\u00e7\u00f5es, pelo contr\u00e1rio, fortalece os grupos, pois o aprisionamento de pessoas tem alimentado as demandas dentro do sistema prisional. A pr\u00f3pria l\u00f3gica da guerra tamb\u00e9m tem permitido a circula\u00e7\u00e3o de armas dentro dessas organiza\u00e7\u00f5es, inclusive atrav\u00e9s da corrup\u00e7\u00e3o de agentes do Estado&#8221;.<\/p>\n\n\n\n<p>Em diferentes ocasi\u00f5es, as celas e os muros do sistema prisional n\u00e3o impedem que os chamados chef\u00f5es do crime comandem os seus grupos.&nbsp;Em mar\u00e7o deste ano,&nbsp;24 detentos foram transferidos&nbsp;para unidades de seguran\u00e7a m\u00e1xima na Bahia. A medida visa dificultar a comunica\u00e7\u00e3o entre eles e integrantes de fac\u00e7\u00f5es criminosas respons\u00e1veis por homic\u00eddios no estado.<\/p>\n\n\n\n<p>Fonte: ATarde <\/p>\n","protected":false},"excerpt":{"rendered":"<p>Armamento pesado, metralhadoras, granadas, equipamento de guerra, um verdadeiro arsenal \u00e0 disposi\u00e7\u00e3o do crime. Em julho deste ano, uma a\u00e7\u00e3o conjunta entre as pol\u00edcias Civil, Militar e Federal resultou na\u00a0apreens\u00e3o de 13 fuzis\u00a0e outros equipamentos que seriam usados na chamada\u00a0 &#8220;Guerra do Tr\u00e1fico&#8221;. Esta foi a maior apreens\u00e3o registrada desse tipo na Bahia. S\u00f3 no [&hellip;]<\/p>\n","protected":false},"author":2,"featured_media":3596,"comment_status":"open","ping_status":"open","sticky":false,"template":"","format":"standard","meta":{"jnews-multi-image_gallery":[],"jnews_single_post":{"subtitle":"","format":"standard","video":"","gallery":"","source_name":"","source_url":"","via_name":"","via_url":"","override_template":"0","override":[{"template":"1","single_blog_custom":"","parallax":"1","fullscreen":"1","layout":"right-sidebar","sidebar":"default-sidebar","second_sidebar":"default-sidebar","sticky_sidebar":"1","share_position":"top","share_float_style":"share-monocrhome","show_share_counter":"0","show_view_counter":"0","show_featured":"1","show_post_meta":"1","show_post_author":"0","show_post_author_image":"1","show_post_date":"1","post_date_format":"default","post_date_format_custom":"Y\/m\/d","show_post_category":"1","show_post_reading_time":"0","post_reading_time_wpm":"300","show_zoom_button":"0","zoom_button_out_step":"2","zoom_button_in_step":"3","show_post_tag":"1","show_prev_next_post":"1","show_popup_post":"1","number_popup_post":"1","show_author_box":"0","show_post_related":"0","show_inline_post_related":"0"}],"override_image_size":"0","image_override":[{"single_post_thumbnail_size":"no-crop","single_post_gallery_size":"crop-715"}],"trending_post":"0","trending_post_position":"meta","trending_post_label":"Trending","sponsored_post":"0","sponsored_post_label":"Sponsored by","sponsored_post_name":"","sponsored_post_url":"","sponsored_post_logo_enable":"0","sponsored_post_logo":"","sponsored_post_desc":"","disable_ad":"0"},"jnews_primary_category":{"id":"","hide":""},"footnotes":""},"categories":[105],"tags":[],"class_list":["post-3595","post","type-post","status-publish","format-standard","has-post-thumbnail","hentry","category-policia"],"_links":{"self":[{"href":"https:\/\/cbxonline.com.br\/index.php\/wp-json\/wp\/v2\/posts\/3595","targetHints":{"allow":["GET"]}}],"collection":[{"href":"https:\/\/cbxonline.com.br\/index.php\/wp-json\/wp\/v2\/posts"}],"about":[{"href":"https:\/\/cbxonline.com.br\/index.php\/wp-json\/wp\/v2\/types\/post"}],"author":[{"embeddable":true,"href":"https:\/\/cbxonline.com.br\/index.php\/wp-json\/wp\/v2\/users\/2"}],"replies":[{"embeddable":true,"href":"https:\/\/cbxonline.com.br\/index.php\/wp-json\/wp\/v2\/comments?post=3595"}],"version-history":[{"count":2,"href":"https:\/\/cbxonline.com.br\/index.php\/wp-json\/wp\/v2\/posts\/3595\/revisions"}],"predecessor-version":[{"id":3600,"href":"https:\/\/cbxonline.com.br\/index.php\/wp-json\/wp\/v2\/posts\/3595\/revisions\/3600"}],"wp:featuredmedia":[{"embeddable":true,"href":"https:\/\/cbxonline.com.br\/index.php\/wp-json\/wp\/v2\/media\/3596"}],"wp:attachment":[{"href":"https:\/\/cbxonline.com.br\/index.php\/wp-json\/wp\/v2\/media?parent=3595"}],"wp:term":[{"taxonomy":"category","embeddable":true,"href":"https:\/\/cbxonline.com.br\/index.php\/wp-json\/wp\/v2\/categories?post=3595"},{"taxonomy":"post_tag","embeddable":true,"href":"https:\/\/cbxonline.com.br\/index.php\/wp-json\/wp\/v2\/tags?post=3595"}],"curies":[{"name":"wp","href":"https:\/\/api.w.org\/{rel}","templated":true}]}}