{"id":3543,"date":"2023-08-29T10:33:29","date_gmt":"2023-08-29T13:33:29","guid":{"rendered":"https:\/\/cbxonline.com.br\/?p=3543"},"modified":"2023-08-29T10:33:32","modified_gmt":"2023-08-29T13:33:32","slug":"apos-11-anos-the-voice-brasil-e-cancelado-pela-globo","status":"publish","type":"post","link":"https:\/\/cbxonline.com.br\/index.php\/2023\/08\/29\/apos-11-anos-the-voice-brasil-e-cancelado-pela-globo\/","title":{"rendered":"Ap\u00f3s 11 anos, The Voice Brasil \u00e9 cancelado pela Globo"},"content":{"rendered":"\n<p>Depois de 11 temporadas, a Rede Globo vai produzir a \u00faltima leva de epis\u00f3dios do The Voice Brasil, ainda este ano, com apresenta\u00e7\u00e3o de F\u00e1tima Bernardes. A queda de audi\u00eancia e de repercuss\u00e3o nos \u00faltimos anos foram fatores importantes para a decis\u00e3o da emissora.&nbsp;<\/p>\n\n\n\n<p>A informa\u00e7\u00e3o foi divulgada inicialmente pelo perfil no Twitter Eplay e confirmada pelo F5, da Folha de S\u00e3o Paulo, que teve acesso ao pacote comercial enviado para o mercado publicit\u00e1rio e informa sobre a derradeira temporada da atra\u00e7\u00e3o musical.&nbsp;<\/p>\n\n\n\n<p>&nbsp;&#8220;Em 2023, o programa retorna para a sua 12\u00aa e \u00faltima temporada. Com origem na Holanda, em 2010, a franquia se espalhou pelo mundo e conquistou o cora\u00e7\u00e3o de todos. Depois de 11 temporadas, a vers\u00e3o brasileira retorna para sua temporada final&#8221;, diz o documento.<\/p>\n\n\n\n<p>Conforme o F5, a emissora dos Marinho confirmou a informa\u00e7\u00e3o. &nbsp;&#8220;Em 2023, o \u2018The Voice Brasil\u2019 chega \u00e0 12\u00aa e \u00faltima temporada. A partir de novembro, com exibi\u00e7\u00e3o \u00e0s ter\u00e7as e quintas e apresenta\u00e7\u00e3o de F\u00e1tima Bernardes, estreia a nova edi\u00e7\u00e3o que promete muitas emo\u00e7\u00f5es, com novidades, surpresas, convidados especiais e homenagens aos momentos mais marcantes da hist\u00f3ria da fam\u00edlia \u2018Voice\u2019&#8221;, diz a nota da Comunica\u00e7\u00e3o da emissora.<\/p>\n\n\n\n<p>No ano de 2020, a atra\u00e7\u00e3o chegou a perder na m\u00e9dia da temporada para o reality A Fazenda 12, ent\u00e3o comandado por Marcos Mion na Record. Em 2022, a estreia de F\u00e1tima Bernardes conseguiu apenas 15 pontos de audi\u00eancia na Grande S\u00e3o Paulo, a pior desde 2013. Cada ponto representa 207 mil indiv\u00edduos na capital paulista.<\/p>\n\n\n\n<p>Desde a estreia na TV Bbrasileira, em 2012, o programa teve 22 edi\u00e7\u00f5es. Uma m\u00e9dia de duas por ano. Al\u00e9m das 11 temporadas tradicionais, foram oito do The Voice Kids e mais duas do The Voice+, com cantores idosos. Em 2023, al\u00e9m da vers\u00e3o tradicional, o The Voice Kids foi exibido no primeiro semestre. J\u00e1 o The Voice+ foi cancelado.<\/p>\n\n\n\n<p>Fonte: Varela Net <\/p>\n","protected":false},"excerpt":{"rendered":"<p>Depois de 11 temporadas, a Rede Globo vai produzir a \u00faltima leva de epis\u00f3dios do The Voice Brasil, ainda este ano, com apresenta\u00e7\u00e3o de F\u00e1tima Bernardes. A queda de audi\u00eancia e de repercuss\u00e3o nos \u00faltimos anos foram fatores importantes para a decis\u00e3o da emissora.&nbsp; A informa\u00e7\u00e3o foi divulgada inicialmente pelo perfil no Twitter Eplay e [&hellip;]<\/p>\n","protected":false},"author":2,"featured_media":3544,"comment_status":"open","ping_status":"open","sticky":false,"template":"","format":"standard","meta":{"jnews-multi-image_gallery":[],"jnews_single_post":{"subtitle":"","format":"standard","video":"","gallery":"","source_name":"","source_url":"","via_name":"","via_url":"","override_template":"0","override":[{"template":"1","single_blog_custom":"","parallax":"1","fullscreen":"1","layout":"right-sidebar","sidebar":"default-sidebar","second_sidebar":"default-sidebar","sticky_sidebar":"1","share_position":"top","share_float_style":"share-monocrhome","show_share_counter":"0","show_view_counter":"0","show_featured":"1","show_post_meta":"1","show_post_author":"0","show_post_author_image":"1","show_post_date":"1","post_date_format":"default","post_date_format_custom":"Y\/m\/d","show_post_category":"1","show_post_reading_time":"0","post_reading_time_wpm":"300","show_zoom_button":"0","zoom_button_out_step":"2","zoom_button_in_step":"3","show_post_tag":"1","show_prev_next_post":"1","show_popup_post":"1","number_popup_post":"1","show_author_box":"0","show_post_related":"0","show_inline_post_related":"0"}],"override_image_size":"0","image_override":[{"single_post_thumbnail_size":"no-crop","single_post_gallery_size":"crop-715"}],"trending_post":"0","trending_post_position":"meta","trending_post_label":"Trending","sponsored_post":"0","sponsored_post_label":"Sponsored by","sponsored_post_name":"","sponsored_post_url":"","sponsored_post_logo_enable":"0","sponsored_post_logo":"","sponsored_post_desc":"","disable_ad":"0"},"jnews_primary_category":{"id":"","hide":""},"footnotes":""},"categories":[93],"tags":[],"class_list":["post-3543","post","type-post","status-publish","format-standard","has-post-thumbnail","hentry","category-entretenimento"],"_links":{"self":[{"href":"https:\/\/cbxonline.com.br\/index.php\/wp-json\/wp\/v2\/posts\/3543","targetHints":{"allow":["GET"]}}],"collection":[{"href":"https:\/\/cbxonline.com.br\/index.php\/wp-json\/wp\/v2\/posts"}],"about":[{"href":"https:\/\/cbxonline.com.br\/index.php\/wp-json\/wp\/v2\/types\/post"}],"author":[{"embeddable":true,"href":"https:\/\/cbxonline.com.br\/index.php\/wp-json\/wp\/v2\/users\/2"}],"replies":[{"embeddable":true,"href":"https:\/\/cbxonline.com.br\/index.php\/wp-json\/wp\/v2\/comments?post=3543"}],"version-history":[{"count":1,"href":"https:\/\/cbxonline.com.br\/index.php\/wp-json\/wp\/v2\/posts\/3543\/revisions"}],"predecessor-version":[{"id":3545,"href":"https:\/\/cbxonline.com.br\/index.php\/wp-json\/wp\/v2\/posts\/3543\/revisions\/3545"}],"wp:featuredmedia":[{"embeddable":true,"href":"https:\/\/cbxonline.com.br\/index.php\/wp-json\/wp\/v2\/media\/3544"}],"wp:attachment":[{"href":"https:\/\/cbxonline.com.br\/index.php\/wp-json\/wp\/v2\/media?parent=3543"}],"wp:term":[{"taxonomy":"category","embeddable":true,"href":"https:\/\/cbxonline.com.br\/index.php\/wp-json\/wp\/v2\/categories?post=3543"},{"taxonomy":"post_tag","embeddable":true,"href":"https:\/\/cbxonline.com.br\/index.php\/wp-json\/wp\/v2\/tags?post=3543"}],"curies":[{"name":"wp","href":"https:\/\/api.w.org\/{rel}","templated":true}]}}