{"id":3497,"date":"2023-08-28T10:39:28","date_gmt":"2023-08-28T13:39:28","guid":{"rendered":"https:\/\/cbxonline.com.br\/?p=3497"},"modified":"2023-08-28T10:39:30","modified_gmt":"2023-08-28T13:39:30","slug":"dois-homens-sao-mortos-a-tiros-na-regiao-da-cidade-baixa-em-salvador","status":"publish","type":"post","link":"https:\/\/cbxonline.com.br\/index.php\/2023\/08\/28\/dois-homens-sao-mortos-a-tiros-na-regiao-da-cidade-baixa-em-salvador\/","title":{"rendered":"Dois homens s\u00e3o mortos a tiros na regi\u00e3o da Cidade Baixa, em Salvador"},"content":{"rendered":"\n<p>Dois homens foram mortos a tiros, na noite de sexta-feira (25), na regi\u00e3o da Cidade Baixa, em\u00a0Salvador. Os crimes aconteceram em menos de duas horas.<\/p>\n\n\n\n<p>Segundo a Pol\u00edcia Militar, um homem, identificado como Leonardo da Silva Santana, de 31 anos foi morto a tiros, por volta das 18h, na rua Elias Kalile, no bairro do Uruguai. A v\u00edtima foi socorrida por moradores e levada para a Unidade de Pronto Atendimento (UPA) da regi\u00e3o, mas n\u00e3o resistiu aos ferimentos.<\/p>\n\n\n\n<p>Cerca de duas horas depois, um homem, identificado como Jonaldo Santos, foi baleado na Avenida Jequitaia. A v\u00edtima, que estava vestida com a farda da Empresa de Limpeza Urbana de Salvador (Limpurb), morreu no local do crime.<\/p>\n\n\n\n<p>Em nota, a Limpurb informou que Jonaldo Santos n\u00e3o faz parte do quadro da empresa e que acompanha as investiga\u00e7\u00f5es da Pol\u00edcia Civil.<\/p>\n\n\n\n<p>Em ambos os casos, os autores dos crimes fugiram. Ainda n\u00e3o h\u00e1 detalhes sobre as motiva\u00e7\u00f5es. Os casos s\u00e3o investigados pelo Departamento de Homic\u00eddios e Prote\u00e7\u00e3o \u00e0 Pessoa (DHPP). <\/p>\n\n\n\n<p>Fonte: g1 <\/p>\n","protected":false},"excerpt":{"rendered":"<p>Dois homens foram mortos a tiros, na noite de sexta-feira (25), na regi\u00e3o da Cidade Baixa, em\u00a0Salvador. Os crimes aconteceram em menos de duas horas. Segundo a Pol\u00edcia Militar, um homem, identificado como Leonardo da Silva Santana, de 31 anos foi morto a tiros, por volta das 18h, na rua Elias Kalile, no bairro do [&hellip;]<\/p>\n","protected":false},"author":2,"featured_media":3498,"comment_status":"open","ping_status":"open","sticky":false,"template":"","format":"standard","meta":{"jnews-multi-image_gallery":[],"jnews_single_post":{"subtitle":"","format":"standard","video":"","gallery":"","source_name":"","source_url":"","via_name":"","via_url":"","override_template":"0","override":[{"template":"1","single_blog_custom":"","parallax":"1","fullscreen":"1","layout":"right-sidebar","sidebar":"default-sidebar","second_sidebar":"default-sidebar","sticky_sidebar":"1","share_position":"top","share_float_style":"share-monocrhome","show_share_counter":"0","show_view_counter":"0","show_featured":"1","show_post_meta":"1","show_post_author":"0","show_post_author_image":"1","show_post_date":"1","post_date_format":"default","post_date_format_custom":"Y\/m\/d","show_post_category":"1","show_post_reading_time":"0","post_reading_time_wpm":"300","show_zoom_button":"0","zoom_button_out_step":"2","zoom_button_in_step":"3","show_post_tag":"1","show_prev_next_post":"1","show_popup_post":"1","number_popup_post":"1","show_author_box":"0","show_post_related":"0","show_inline_post_related":"0"}],"override_image_size":"0","image_override":[{"single_post_thumbnail_size":"no-crop","single_post_gallery_size":"crop-715"}],"trending_post":"0","trending_post_position":"meta","trending_post_label":"Trending","sponsored_post":"0","sponsored_post_label":"Sponsored by","sponsored_post_name":"","sponsored_post_url":"","sponsored_post_logo_enable":"0","sponsored_post_logo":"","sponsored_post_desc":"","disable_ad":"0"},"jnews_primary_category":{"id":"","hide":""},"footnotes":""},"categories":[105],"tags":[],"class_list":["post-3497","post","type-post","status-publish","format-standard","has-post-thumbnail","hentry","category-policia"],"_links":{"self":[{"href":"https:\/\/cbxonline.com.br\/index.php\/wp-json\/wp\/v2\/posts\/3497","targetHints":{"allow":["GET"]}}],"collection":[{"href":"https:\/\/cbxonline.com.br\/index.php\/wp-json\/wp\/v2\/posts"}],"about":[{"href":"https:\/\/cbxonline.com.br\/index.php\/wp-json\/wp\/v2\/types\/post"}],"author":[{"embeddable":true,"href":"https:\/\/cbxonline.com.br\/index.php\/wp-json\/wp\/v2\/users\/2"}],"replies":[{"embeddable":true,"href":"https:\/\/cbxonline.com.br\/index.php\/wp-json\/wp\/v2\/comments?post=3497"}],"version-history":[{"count":1,"href":"https:\/\/cbxonline.com.br\/index.php\/wp-json\/wp\/v2\/posts\/3497\/revisions"}],"predecessor-version":[{"id":3499,"href":"https:\/\/cbxonline.com.br\/index.php\/wp-json\/wp\/v2\/posts\/3497\/revisions\/3499"}],"wp:featuredmedia":[{"embeddable":true,"href":"https:\/\/cbxonline.com.br\/index.php\/wp-json\/wp\/v2\/media\/3498"}],"wp:attachment":[{"href":"https:\/\/cbxonline.com.br\/index.php\/wp-json\/wp\/v2\/media?parent=3497"}],"wp:term":[{"taxonomy":"category","embeddable":true,"href":"https:\/\/cbxonline.com.br\/index.php\/wp-json\/wp\/v2\/categories?post=3497"},{"taxonomy":"post_tag","embeddable":true,"href":"https:\/\/cbxonline.com.br\/index.php\/wp-json\/wp\/v2\/tags?post=3497"}],"curies":[{"name":"wp","href":"https:\/\/api.w.org\/{rel}","templated":true}]}}