{"id":3442,"date":"2023-08-24T16:27:59","date_gmt":"2023-08-24T19:27:59","guid":{"rendered":"https:\/\/cbxonline.com.br\/?p=3442"},"modified":"2023-08-24T16:28:00","modified_gmt":"2023-08-24T19:28:00","slug":"lula-pede-maior-cooperacao-entre-paises-em-desenvolvimento","status":"publish","type":"post","link":"https:\/\/cbxonline.com.br\/index.php\/2023\/08\/24\/lula-pede-maior-cooperacao-entre-paises-em-desenvolvimento\/","title":{"rendered":"Lula pede maior coopera\u00e7\u00e3o entre pa\u00edses em desenvolvimento"},"content":{"rendered":"\n<p>O presidente Luiz In\u00e1cio Lula da Silva (PT), pediu nesta quinta-feira (24), uma maior coopera\u00e7\u00e3o entre os pa\u00edses em desenvolvimento. Lula disse que ao assumir a presid\u00eancia do G20, em dezembro, quer recolocar a redu\u00e7\u00e3o das desigualdades no centro da agenda internacional.&nbsp;<\/p>\n\n\n\n<p>A declara\u00e7\u00e3o aconteceu durante a reuni\u00e3o da C\u00fapula do Brics. Na ocasi\u00e3o, Lula pediu uma nova agenda de coopera\u00e7\u00e3o entre o Brasil e a \u00c1frica.&nbsp;&nbsp;<\/p>\n\n\n\n<p>\u201cN\u00e3o podemos fazer isso sem maior representatividade para a \u00c1frica. Por isso, defendemos o ingresso da Uni\u00e3o Africana como membro do G20. Com minha vinda \u00e0 \u00c1frica do Sul, de onde seguirei para Angola e para S\u00e3o Tom\u00e9 e Pr\u00edncipe, pretendo inaugurar uma nova agenda de coopera\u00e7\u00e3o entre o Brasil e a \u00c1frica\u201d, explicou o presidente.&nbsp;<\/p>\n\n\n\n<p>Segundo o presidente, o combate \u00e0 mudan\u00e7a do clima possibilita a oportunidade de repensar modelos de financiamento, com\u00e9rcio e desenvolvimento. De acordo com Lula, existem outras formas sustent\u00e1veis de ampliar a produtividade agr\u00edcola, gerar renda e oferecer prote\u00e7\u00e3o social.<\/p>\n\n\n\n<p>\u201cA transi\u00e7\u00e3o energ\u00e9tica n\u00e3o pode reeditar a rela\u00e7\u00e3o de explora\u00e7\u00e3o do passado colonial. Precisamos de solu\u00e7\u00f5es que diversifiquem e agreguem valor \u00e0 produ\u00e7\u00e3o de pa\u00edses em desenvolvimento. O sinal mais evidente de que o planeta est\u00e1 se tornando um lugar mais desigual \u00e9 o crescimento da fome e da pobreza. Isso \u00e9 inaceit\u00e1vel. Apesar da sua magnitude, esses problemas n\u00e3o s\u00e3o tratados com a urg\u00eancia que merecem\u201d, destacou.<\/p>\n\n\n\n<p>Al\u00e9m disso, uma nova governan\u00e7a global tamb\u00e9m foi discutida durante o encontro da c\u00fapula. Em discursos anteriores, Lula j\u00e1 tinha cobrado a moderniza\u00e7\u00e3o das institui\u00e7\u00f5es multilaterais, com amplia\u00e7\u00e3o da representatividade.&nbsp;O presidente reafirmou ainda em seu discurso a import\u00e2ncia da coopera\u00e7\u00e3o desses pa\u00edses.&nbsp;<\/p>\n\n\n\n<p>\u201cA presen\u00e7a, aqui, de dezenas de l\u00edderes do Sul Global, mostra que o mundo \u00e9 mais complexo do que a mentalidade de Guerra Fria que alguns querem restaurar. Em vez de aderir \u00e0 l\u00f3gica da competi\u00e7\u00e3o, que imp\u00f5e alinhamentos autom\u00e1ticos e fomenta desconfian\u00e7as, temos de fortalecer nossa colabora\u00e7\u00e3o. Um mundo com bem-estar para todos s\u00f3 \u00e9 poss\u00edvel com uma ordem internacional mais inclusiva e solid\u00e1ria\u201d, completou.<\/p>\n","protected":false},"excerpt":{"rendered":"<p>O presidente Luiz In\u00e1cio Lula da Silva (PT), pediu nesta quinta-feira (24), uma maior coopera\u00e7\u00e3o entre os pa\u00edses em desenvolvimento. Lula disse que ao assumir a presid\u00eancia do G20, em dezembro, quer recolocar a redu\u00e7\u00e3o das desigualdades no centro da agenda internacional.&nbsp; A declara\u00e7\u00e3o aconteceu durante a reuni\u00e3o da C\u00fapula do Brics. Na ocasi\u00e3o, Lula [&hellip;]<\/p>\n","protected":false},"author":2,"featured_media":3443,"comment_status":"open","ping_status":"open","sticky":false,"template":"","format":"standard","meta":{"jnews-multi-image_gallery":[],"jnews_single_post":{"subtitle":"","format":"standard","video":"","gallery":"","source_name":"","source_url":"","via_name":"","via_url":"","override_template":"0","override":[{"template":"1","single_blog_custom":"","parallax":"1","fullscreen":"1","layout":"right-sidebar","sidebar":"default-sidebar","second_sidebar":"default-sidebar","sticky_sidebar":"1","share_position":"top","share_float_style":"share-monocrhome","show_share_counter":"0","show_view_counter":"0","show_featured":"1","show_post_meta":"1","show_post_author":"0","show_post_author_image":"1","show_post_date":"1","post_date_format":"default","post_date_format_custom":"Y\/m\/d","show_post_category":"1","show_post_reading_time":"0","post_reading_time_wpm":"300","show_zoom_button":"0","zoom_button_out_step":"2","zoom_button_in_step":"3","show_post_tag":"1","show_prev_next_post":"1","show_popup_post":"1","number_popup_post":"1","show_author_box":"0","show_post_related":"0","show_inline_post_related":"0"}],"override_image_size":"0","image_override":[{"single_post_thumbnail_size":"no-crop","single_post_gallery_size":"crop-715"}],"trending_post":"0","trending_post_position":"meta","trending_post_label":"Trending","sponsored_post":"0","sponsored_post_label":"Sponsored by","sponsored_post_name":"","sponsored_post_url":"","sponsored_post_logo_enable":"0","sponsored_post_logo":"","sponsored_post_desc":"","disable_ad":"0"},"jnews_primary_category":{"id":"","hide":""},"footnotes":""},"categories":[85,91],"tags":[],"class_list":["post-3442","post","type-post","status-publish","format-standard","has-post-thumbnail","hentry","category-noticias","category-politica"],"_links":{"self":[{"href":"https:\/\/cbxonline.com.br\/index.php\/wp-json\/wp\/v2\/posts\/3442","targetHints":{"allow":["GET"]}}],"collection":[{"href":"https:\/\/cbxonline.com.br\/index.php\/wp-json\/wp\/v2\/posts"}],"about":[{"href":"https:\/\/cbxonline.com.br\/index.php\/wp-json\/wp\/v2\/types\/post"}],"author":[{"embeddable":true,"href":"https:\/\/cbxonline.com.br\/index.php\/wp-json\/wp\/v2\/users\/2"}],"replies":[{"embeddable":true,"href":"https:\/\/cbxonline.com.br\/index.php\/wp-json\/wp\/v2\/comments?post=3442"}],"version-history":[{"count":1,"href":"https:\/\/cbxonline.com.br\/index.php\/wp-json\/wp\/v2\/posts\/3442\/revisions"}],"predecessor-version":[{"id":3444,"href":"https:\/\/cbxonline.com.br\/index.php\/wp-json\/wp\/v2\/posts\/3442\/revisions\/3444"}],"wp:featuredmedia":[{"embeddable":true,"href":"https:\/\/cbxonline.com.br\/index.php\/wp-json\/wp\/v2\/media\/3443"}],"wp:attachment":[{"href":"https:\/\/cbxonline.com.br\/index.php\/wp-json\/wp\/v2\/media?parent=3442"}],"wp:term":[{"taxonomy":"category","embeddable":true,"href":"https:\/\/cbxonline.com.br\/index.php\/wp-json\/wp\/v2\/categories?post=3442"},{"taxonomy":"post_tag","embeddable":true,"href":"https:\/\/cbxonline.com.br\/index.php\/wp-json\/wp\/v2\/tags?post=3442"}],"curies":[{"name":"wp","href":"https:\/\/api.w.org\/{rel}","templated":true}]}}