{"id":3383,"date":"2023-08-23T14:52:08","date_gmt":"2023-08-23T17:52:08","guid":{"rendered":"https:\/\/cbxonline.com.br\/?p=3383"},"modified":"2023-08-23T14:52:10","modified_gmt":"2023-08-23T17:52:10","slug":"abrigo-sao-francisco-de-assis-pode-ser-demolido-e-encerrar-atividades","status":"publish","type":"post","link":"https:\/\/cbxonline.com.br\/index.php\/2023\/08\/23\/abrigo-sao-francisco-de-assis-pode-ser-demolido-e-encerrar-atividades\/","title":{"rendered":"Abrigo S\u00e3o Francisco de Assis pode ser demolido e encerrar atividades"},"content":{"rendered":"\n<p>A Associa\u00e7\u00e3o Brasileira Protetora dos Animais \u2013 se\u00e7\u00e3o Bahia (ABPA-BA), respons\u00e1vel pelo abrigo S\u00e3o Francisco de Assis, um dos maiores abrigos de animais do Estado, utilizou as redes sociais para comunicar a possibilidade de desapropria\u00e7\u00e3o da \u00e1rea do im\u00f3vel. Localizado \u00e0s margens da Rodovia BA-528, a Estrada do Derba, em Salvador, o abrigo \u00e9 casa para\u00a0430\u00a0 animais.<\/p>\n\n\n\n<p>Atrav\u00e9s do judici\u00e1rio, a Via Bahia, concession\u00e1ria que administra rodovias baianas, alega que o abrigo ocupa de forma irregular a faixa de dom\u00ednio da Rodovia 528\/BA, especificamente no trecho BA-528 KM 433, no munic\u00edpio de Salvador. Por esse motivo, a concession\u00e1ria requer a reintegra\u00e7\u00e3o de posso com pedido de demoli\u00e7\u00e3o do im\u00f3vel.\u00a0<\/p>\n\n\n\n<p>&#8220;Faixa de dom\u00ednio se constitui como um conjunto de \u00e1reas, declaradas de utilidade p\u00fablica, destinadas a constru\u00e7\u00e3o e opera\u00e7\u00e3o da rodovia, dispositivos de acessos, postos complementares, pistas de rolamento, acostamento, canteiro central e faixas lindeiras, destinadas a acomodar os taludes de corte, aterro e elementos de drenagem, al\u00e9m de servirem como \u00e1rea de escape&#8221;, diz trecho.&nbsp;<\/p>\n\n\n\n<p>Em nota, a ViaBahia Concession\u00e1rio de Rodovias S.A esclareceu que &#8221;&nbsp;a desocupa\u00e7\u00e3o da faixa de dom\u00ednio nos trechos operados pela empresa \u00e9 uma obriga\u00e7\u00e3o estabelecida pelo contrato de concess\u00e3o firmado com a Ag\u00eancia Nacional de Transportes Terrestres (ANTT)&#8221;.<\/p>\n\n\n\n<p>Segundo a concession\u00e1ria, a &#8220;desocupa\u00e7\u00e3o dessa faixa, que \u00e9 a \u00e1rea lateral \u00e0 pista, \u00e9 uma medida de seguran\u00e7a vi\u00e1ria relevante para os usu\u00e1rios e ocupantes lindeiros, haja vista ser o ponto de escape de ve\u00edculos&#8221;.<\/p>\n\n\n\n<p>A&nbsp;diretora volunt\u00e1ria da ABPA-BA, Cristina Della-Cella diz que foi surpreendida com a a\u00e7\u00e3o promovida pela ViaBahia.&nbsp;<\/p>\n\n\n\n<p>.&#8221;\u00c9 uma a\u00e7\u00e3o de reintegra\u00e7\u00e3o de posse de parte do terreno. Esse problema alcan\u00e7a 95 fam\u00edlias, que tamb\u00e9m est\u00e3o sofrendo a\u00e7\u00e3o de reintegra\u00e7\u00e3o de posse da Via Bahia. N\u00f3s temos um contrato particular de compra e venda e infelizmente n\u00e3o temos escritura&#8221;.<\/p>\n\n\n\n<p>Ela acrescenta que o abrigo ainda n\u00e3o foi citado da a\u00e7\u00e3o de reintegra\u00e7\u00e3o de posse, mas, devido a exist\u00eancia do processo, optou pela divulga\u00e7\u00e3o do fato. &#8220;At\u00e9 porque, o juiz pode sentenciar e entender que realmente parte do terreno est\u00e1 sob \u00e1rea da Uni\u00e3o&#8221;.\u00a0<\/p>\n\n\n\n<p>Cristina Della-Cella contou que h\u00e1 alguns meses o abrigo sofreu um bloqueio judicial de 45 dias. &#8220;De maio para c\u00e1, a gente tem tido muita dificuldade nossas despesas mensais. Hoje a gente tem uma d\u00edvida de R$95 mil \u00e0 pagar s\u00f3 em boletos&#8221;. Ela refor\u00e7a que a realidade do abrigo hoje \u00e9 que &#8220;os animais est\u00e3o morrendo de fome e agora podem ficar sem lar&#8221;.&nbsp;<\/p>\n\n\n\n<p>Fonte: ATarde<\/p>\n","protected":false},"excerpt":{"rendered":"<p>A Associa\u00e7\u00e3o Brasileira Protetora dos Animais \u2013 se\u00e7\u00e3o Bahia (ABPA-BA), respons\u00e1vel pelo abrigo S\u00e3o Francisco de Assis, um dos maiores abrigos de animais do Estado, utilizou as redes sociais para comunicar a possibilidade de desapropria\u00e7\u00e3o da \u00e1rea do im\u00f3vel. Localizado \u00e0s margens da Rodovia BA-528, a Estrada do Derba, em Salvador, o abrigo \u00e9 casa [&hellip;]<\/p>\n","protected":false},"author":2,"featured_media":3384,"comment_status":"open","ping_status":"open","sticky":false,"template":"","format":"standard","meta":{"jnews-multi-image_gallery":[],"jnews_single_post":{"subtitle":"","format":"standard","video":"","gallery":"","source_name":"","source_url":"","via_name":"","via_url":"","override_template":"0","override":[{"template":"1","single_blog_custom":"","parallax":"1","fullscreen":"1","layout":"right-sidebar","sidebar":"default-sidebar","second_sidebar":"default-sidebar","sticky_sidebar":"1","share_position":"top","share_float_style":"share-monocrhome","show_share_counter":"0","show_view_counter":"0","show_featured":"1","show_post_meta":"1","show_post_author":"0","show_post_author_image":"1","show_post_date":"1","post_date_format":"default","post_date_format_custom":"Y\/m\/d","show_post_category":"1","show_post_reading_time":"0","post_reading_time_wpm":"300","show_zoom_button":"0","zoom_button_out_step":"2","zoom_button_in_step":"3","show_post_tag":"1","show_prev_next_post":"1","show_popup_post":"1","number_popup_post":"1","show_author_box":"0","show_post_related":"0","show_inline_post_related":"0"}],"override_image_size":"0","image_override":[{"single_post_thumbnail_size":"no-crop","single_post_gallery_size":"crop-715"}],"trending_post":"0","trending_post_position":"meta","trending_post_label":"Trending","sponsored_post":"0","sponsored_post_label":"Sponsored by","sponsored_post_name":"","sponsored_post_url":"","sponsored_post_logo_enable":"0","sponsored_post_logo":"","sponsored_post_desc":"","disable_ad":"0"},"jnews_primary_category":{"id":"","hide":""},"footnotes":""},"categories":[87],"tags":[],"class_list":["post-3383","post","type-post","status-publish","format-standard","has-post-thumbnail","hentry","category-animais"],"_links":{"self":[{"href":"https:\/\/cbxonline.com.br\/index.php\/wp-json\/wp\/v2\/posts\/3383","targetHints":{"allow":["GET"]}}],"collection":[{"href":"https:\/\/cbxonline.com.br\/index.php\/wp-json\/wp\/v2\/posts"}],"about":[{"href":"https:\/\/cbxonline.com.br\/index.php\/wp-json\/wp\/v2\/types\/post"}],"author":[{"embeddable":true,"href":"https:\/\/cbxonline.com.br\/index.php\/wp-json\/wp\/v2\/users\/2"}],"replies":[{"embeddable":true,"href":"https:\/\/cbxonline.com.br\/index.php\/wp-json\/wp\/v2\/comments?post=3383"}],"version-history":[{"count":1,"href":"https:\/\/cbxonline.com.br\/index.php\/wp-json\/wp\/v2\/posts\/3383\/revisions"}],"predecessor-version":[{"id":3385,"href":"https:\/\/cbxonline.com.br\/index.php\/wp-json\/wp\/v2\/posts\/3383\/revisions\/3385"}],"wp:featuredmedia":[{"embeddable":true,"href":"https:\/\/cbxonline.com.br\/index.php\/wp-json\/wp\/v2\/media\/3384"}],"wp:attachment":[{"href":"https:\/\/cbxonline.com.br\/index.php\/wp-json\/wp\/v2\/media?parent=3383"}],"wp:term":[{"taxonomy":"category","embeddable":true,"href":"https:\/\/cbxonline.com.br\/index.php\/wp-json\/wp\/v2\/categories?post=3383"},{"taxonomy":"post_tag","embeddable":true,"href":"https:\/\/cbxonline.com.br\/index.php\/wp-json\/wp\/v2\/tags?post=3383"}],"curies":[{"name":"wp","href":"https:\/\/api.w.org\/{rel}","templated":true}]}}