{"id":3240,"date":"2023-08-21T10:32:54","date_gmt":"2023-08-21T13:32:54","guid":{"rendered":"https:\/\/cbxonline.com.br\/?p=3240"},"modified":"2023-08-21T10:33:00","modified_gmt":"2023-08-21T13:33:00","slug":"rui-costa-explica-ausencia-da-ponte-salvador-itaparica-no-pac","status":"publish","type":"post","link":"https:\/\/cbxonline.com.br\/index.php\/2023\/08\/21\/rui-costa-explica-ausencia-da-ponte-salvador-itaparica-no-pac\/","title":{"rendered":"Rui Costa explica aus\u00eancia da ponte Salvador-Itaparica no PAC"},"content":{"rendered":"\n<p>Ao\u00a0Portal A TARDE, o ministro da Casa Civil, Rui Costa (PT), explicou a\u00a0aus\u00eancia da Ponte Salvador-Itaparica no Novo PAC (Programa de Acelera\u00e7\u00e3o do Crescimento).\u00a0De acordo com o ministro, que \u00e9 ex-governador da Bahia, ainda existe uma possibilidade de inclus\u00e3o da obra ap\u00f3s renegocia\u00e7\u00e3o do contrato. <\/p>\n\n\n\n<p>&#8220;N\u00e3o \u00e9 que ficou de fora. Eu disse no lan\u00e7amento e posso repetir, o PAC \u00e9 din\u00e2mico e obras que n\u00e3o est\u00e3o inclusas hoje podem serque sejam inclu\u00eddas. N\u00e3o s\u00f3 a ponte, mas o novo aeroporto l\u00e1 do extremo-sul que vai a leil\u00e3o. O governador e sua equipe est\u00e3o renegociando o contrato e assim que as obras foram iniciadas, uma vez tendo demanda de apoio financeiro, essa obra ser\u00e1 inclu\u00edda, como foi inclu\u00edda a estrada de Castro Alves at\u00e9 Santo Ant\u00f4nio de Jesus, que faz parte do completo da ponte&#8221;, falou ao cumprir agenda em Salvador nesta segunda-feira, 21.<\/p>\n\n\n\n<p>Anteriormente, o governador Jer\u00f4nimo Rodrigues (PT) justificou a aus\u00eancia da ponte Salvador-Itaparica\u00a0como estrat\u00e9gia, j\u00e1 que existe um processo de Parceria-P\u00fablico-Privada. &#8220;Lula est\u00e1 ajudando sim, n\u00e3o foi por falta de desejo n\u00e3o. \u00c9 porque n\u00e3o cabia no PAC os recursos para a ponte\u201d, continuou.<\/p>\n\n\n\n<p>A partir do pr\u00f3ximo m\u00eas de setembro, o governo Lula deve abrir editais, disponibilizando R$ 136 bilh\u00f5es em recursos do Novo PAC para projetos priorit\u00e1rios de estados e munic\u00edpios nas \u00e1reas de Cidade, Sa\u00fade, Educa\u00e7\u00e3o, Cultura e Esporte. <\/p>\n","protected":false},"excerpt":{"rendered":"<p>Ao\u00a0Portal A TARDE, o ministro da Casa Civil, Rui Costa (PT), explicou a\u00a0aus\u00eancia da Ponte Salvador-Itaparica no Novo PAC (Programa de Acelera\u00e7\u00e3o do Crescimento).\u00a0De acordo com o ministro, que \u00e9 ex-governador da Bahia, ainda existe uma possibilidade de inclus\u00e3o da obra ap\u00f3s renegocia\u00e7\u00e3o do contrato. &#8220;N\u00e3o \u00e9 que ficou de fora. Eu disse no lan\u00e7amento [&hellip;]<\/p>\n","protected":false},"author":2,"featured_media":3241,"comment_status":"open","ping_status":"open","sticky":false,"template":"","format":"standard","meta":{"jnews-multi-image_gallery":[],"jnews_single_post":{"subtitle":"","format":"standard","video":"","gallery":"","source_name":"","source_url":"","via_name":"","via_url":"","override_template":"0","override":[{"template":"1","single_blog_custom":"","parallax":"1","fullscreen":"1","layout":"right-sidebar","sidebar":"default-sidebar","second_sidebar":"default-sidebar","sticky_sidebar":"1","share_position":"top","share_float_style":"share-monocrhome","show_share_counter":"0","show_view_counter":"0","show_featured":"1","show_post_meta":"1","show_post_author":"0","show_post_author_image":"1","show_post_date":"1","post_date_format":"default","post_date_format_custom":"Y\/m\/d","show_post_category":"1","show_post_reading_time":"0","post_reading_time_wpm":"300","show_zoom_button":"0","zoom_button_out_step":"2","zoom_button_in_step":"3","show_post_tag":"1","show_prev_next_post":"1","show_popup_post":"1","number_popup_post":"1","show_author_box":"0","show_post_related":"0","show_inline_post_related":"0"}],"override_image_size":"0","image_override":[{"single_post_thumbnail_size":"no-crop","single_post_gallery_size":"crop-715"}],"trending_post":"0","trending_post_position":"meta","trending_post_label":"Trending","sponsored_post":"0","sponsored_post_label":"Sponsored by","sponsored_post_name":"","sponsored_post_url":"","sponsored_post_logo_enable":"0","sponsored_post_logo":"","sponsored_post_desc":"","disable_ad":"0"},"jnews_primary_category":{"id":"","hide":""},"footnotes":""},"categories":[85,91],"tags":[],"class_list":["post-3240","post","type-post","status-publish","format-standard","has-post-thumbnail","hentry","category-noticias","category-politica"],"_links":{"self":[{"href":"https:\/\/cbxonline.com.br\/index.php\/wp-json\/wp\/v2\/posts\/3240","targetHints":{"allow":["GET"]}}],"collection":[{"href":"https:\/\/cbxonline.com.br\/index.php\/wp-json\/wp\/v2\/posts"}],"about":[{"href":"https:\/\/cbxonline.com.br\/index.php\/wp-json\/wp\/v2\/types\/post"}],"author":[{"embeddable":true,"href":"https:\/\/cbxonline.com.br\/index.php\/wp-json\/wp\/v2\/users\/2"}],"replies":[{"embeddable":true,"href":"https:\/\/cbxonline.com.br\/index.php\/wp-json\/wp\/v2\/comments?post=3240"}],"version-history":[{"count":0,"href":"https:\/\/cbxonline.com.br\/index.php\/wp-json\/wp\/v2\/posts\/3240\/revisions"}],"wp:featuredmedia":[{"embeddable":true,"href":"https:\/\/cbxonline.com.br\/index.php\/wp-json\/wp\/v2\/media\/3241"}],"wp:attachment":[{"href":"https:\/\/cbxonline.com.br\/index.php\/wp-json\/wp\/v2\/media?parent=3240"}],"wp:term":[{"taxonomy":"category","embeddable":true,"href":"https:\/\/cbxonline.com.br\/index.php\/wp-json\/wp\/v2\/categories?post=3240"},{"taxonomy":"post_tag","embeddable":true,"href":"https:\/\/cbxonline.com.br\/index.php\/wp-json\/wp\/v2\/tags?post=3240"}],"curies":[{"name":"wp","href":"https:\/\/api.w.org\/{rel}","templated":true}]}}