{"id":3237,"date":"2023-08-21T10:21:45","date_gmt":"2023-08-21T13:21:45","guid":{"rendered":"https:\/\/cbxonline.com.br\/?p=3237"},"modified":"2023-08-21T10:21:53","modified_gmt":"2023-08-21T13:21:53","slug":"ministerio-da-saude-confirma-caso-da-variante-eg-5-no-brasil","status":"publish","type":"post","link":"https:\/\/cbxonline.com.br\/index.php\/2023\/08\/21\/ministerio-da-saude-confirma-caso-da-variante-eg-5-no-brasil\/","title":{"rendered":"Minist\u00e9rio da Sa\u00fade confirma caso da variante EG.5 no Brasil"},"content":{"rendered":"\n<p>O Minist\u00e9rio da Sa\u00fade informou nesta sexta-feira (18) que foi notificado um caso da variante EG.5 do coronav\u00edrus SARS-CoV-2 no estado de S\u00e3o Paulo. A paciente, uma mulher de 71 anos, apresentou os primeiros sintomas em 30 de julho e j\u00e1 est\u00e1 curada, de acordo com o Centro de Informa\u00e7\u00f5es Estrat\u00e9gicas em Vigil\u00e2ncia em Sa\u00fade (Cievs).<\/p>\n\n\n\n<p>Ela teve febre, tosse, fadiga e dor de cabe\u00e7a e fez a coleta do exame em 8 de agosto. Segundo o minist\u00e9rio, a paciente estava com o esquema vacinal completo.&nbsp;<\/p>\n\n\n\n<p>A pasta destacou que a recomenda\u00e7\u00e3o da vacina\u00e7\u00e3o como principal medida de combate \u00e0 covid-19 se torna cada vez mais importante, com atualiza\u00e7\u00e3o das doses de refor\u00e7o para preven\u00e7\u00e3o da doen\u00e7a. Para pessoas do grupo de risco, \u00e9 importante o uso de m\u00e1scaras em situa\u00e7\u00f5es de maior exposi\u00e7\u00e3o.<\/p>\n\n\n\n<p>&#8220;Desde o fim da emerg\u00eancia, decretado pela Organiza\u00e7\u00e3o Mundial da Sa\u00fade (OMS) em maio deste ano, ainda se mant\u00e9m a recomenda\u00e7\u00e3o para que os grupos de maior risco de agravamento pela doen\u00e7a continuem a seguir as medidas de preven\u00e7\u00e3o e controle n\u00e3o farmacol\u00f3gicas, incluindo o uso de m\u00e1scaras em locais fechados, mal ventilados ou aglomera\u00e7\u00f5es, al\u00e9m do isolamento de pacientes infectados com o v\u00edrus SARS-CoV-2. A recomenda\u00e7\u00e3o tamb\u00e9m vale para pessoas com sintomas gripais&#8221;, explicou o Minist\u00e9rio da Sa\u00fade.<\/p>\n\n\n\n<p>Acrescentou que est\u00e1 em contato permanente com a Organiza\u00e7\u00e3o Pan-Americana da Sa\u00fade (OPAS) e com a Organiza\u00e7\u00e3o Mundial da Sa\u00fade para avaliar o cen\u00e1rio internacional e as novas subvariantes.<\/p>\n\n\n\n<p>Para evitar o agravamento da doen\u00e7a, est\u00e1 dispon\u00edvel em toda a rede do Sistema \u00danico de Sa\u00fade (SUS), gratuitamente, o antiviral nirmatrelvir\/ritonavir para ser utilizado no tratamento da infec\u00e7\u00e3o pelo v\u00edrus logo que os sintomas apare\u00e7am e se houver confirma\u00e7\u00e3o de teste positivo.<\/p>\n\n\n\n<p>Aumento de casos<\/p>\n\n\n\n<p>A OMS informou, na \u00faltima segunda-feira (14) que foram registrados cerca de 1,5 milh\u00e3o de novos casos de covid-19 em todo o mundo, entre 10 de julho e 6 de agosto, um aumento de 80% em rela\u00e7\u00e3o ao per\u00edodo anterior. As mortes, por outro lado, tiveram uma queda de 57%.<\/p>\n\n\n\n<p>O aumento tem rela\u00e7\u00e3o com a nova variante, que at\u00e9 ent\u00e3o tinha sido confirmada em 51 pa\u00edses. Essa variante apresenta maior capacidade de transmiss\u00e3o e escape imune, o que pode fazer com que passe a dominar o cen\u00e1rio epidemiol\u00f3gico global. Apesar dessas caracter\u00edsticas, a OMS classificou a EG.5 apenas como variante de interesse e de baixo risco para a sa\u00fade p\u00fablica em n\u00edvel global, porque ela n\u00e3o trouxe mudan\u00e7as no padr\u00e3o de gravidade de doen\u00e7a (hospitaliza\u00e7\u00e3o e \u00f3bitos).<\/p>\n\n\n\n<p>Os dados mostram que, enquanto diversos pa\u00edses registraram queda de novos casos e de \u00f3bitos por covid-19, o leste da \u00c1sia e a Oceania anotaram aumento de novas infec\u00e7\u00f5es em meio a uma redu\u00e7\u00e3o nos \u00f3bitos.<\/p>\n\n\n\n<p>Apesar da confirma\u00e7\u00e3o da nova variante no Brasil, o Boletim Infogripe, da Funda\u00e7\u00e3o Oswaldo Cruz (Fiocruz), informou hoje (17) que o cen\u00e1rio no Brasil \u00e9 de estabiliza\u00e7\u00e3o ou queda dos casos de s\u00edndrome respirat\u00f3ria aguda grave causados pela covid-19.<\/p>\n\n\n\n<p>O coordenador do InfoGripe, Marcelo Gomes, recomenda que os estados devem manter os fluxos de coleta e envio de amostras para que a vigil\u00e2ncia gen\u00f4mica sobre o SARS-COV-2 possa ocorrer em todo o territ\u00f3rio nacional.<\/p>\n\n\n\n<p>&#8220;A situa\u00e7\u00e3o atual ainda \u00e9 de certa tranquilidade, mas isso n\u00e3o muda o fato de que a popula\u00e7\u00e3o deve estar em dia com a vacina\u00e7\u00e3o para covid. Os dados continuam mostrando que a vacina oferece uma prote\u00e7\u00e3o muito boa, especialmente para as formas graves da enfermidade&#8221;, explica Gomes.<\/p>\n","protected":false},"excerpt":{"rendered":"<p>O Minist\u00e9rio da Sa\u00fade informou nesta sexta-feira (18) que foi notificado um caso da variante EG.5 do coronav\u00edrus SARS-CoV-2 no estado de S\u00e3o Paulo. A paciente, uma mulher de 71 anos, apresentou os primeiros sintomas em 30 de julho e j\u00e1 est\u00e1 curada, de acordo com o Centro de Informa\u00e7\u00f5es Estrat\u00e9gicas em Vigil\u00e2ncia em Sa\u00fade [&hellip;]<\/p>\n","protected":false},"author":2,"featured_media":3238,"comment_status":"open","ping_status":"open","sticky":false,"template":"","format":"standard","meta":{"jnews-multi-image_gallery":[],"jnews_single_post":{"subtitle":"","format":"standard","video":"","gallery":"","source_name":"","source_url":"","via_name":"","via_url":"","override_template":"0","override":[{"template":"1","single_blog_custom":"","parallax":"1","fullscreen":"1","layout":"right-sidebar","sidebar":"default-sidebar","second_sidebar":"default-sidebar","sticky_sidebar":"1","share_position":"top","share_float_style":"share-monocrhome","show_share_counter":"0","show_view_counter":"0","show_featured":"1","show_post_meta":"1","show_post_author":"0","show_post_author_image":"1","show_post_date":"1","post_date_format":"default","post_date_format_custom":"Y\/m\/d","show_post_category":"1","show_post_reading_time":"0","post_reading_time_wpm":"300","show_zoom_button":"0","zoom_button_out_step":"2","zoom_button_in_step":"3","show_post_tag":"1","show_prev_next_post":"1","show_popup_post":"1","number_popup_post":"1","show_author_box":"0","show_post_related":"0","show_inline_post_related":"0"}],"override_image_size":"0","image_override":[{"single_post_thumbnail_size":"no-crop","single_post_gallery_size":"crop-715"}],"trending_post":"0","trending_post_position":"meta","trending_post_label":"Trending","sponsored_post":"0","sponsored_post_label":"Sponsored by","sponsored_post_name":"","sponsored_post_url":"","sponsored_post_logo_enable":"0","sponsored_post_logo":"","sponsored_post_desc":"","disable_ad":"0"},"jnews_primary_category":{"id":"","hide":""},"footnotes":""},"categories":[85,94],"tags":[],"class_list":["post-3237","post","type-post","status-publish","format-standard","has-post-thumbnail","hentry","category-noticias","category-saude-2"],"_links":{"self":[{"href":"https:\/\/cbxonline.com.br\/index.php\/wp-json\/wp\/v2\/posts\/3237","targetHints":{"allow":["GET"]}}],"collection":[{"href":"https:\/\/cbxonline.com.br\/index.php\/wp-json\/wp\/v2\/posts"}],"about":[{"href":"https:\/\/cbxonline.com.br\/index.php\/wp-json\/wp\/v2\/types\/post"}],"author":[{"embeddable":true,"href":"https:\/\/cbxonline.com.br\/index.php\/wp-json\/wp\/v2\/users\/2"}],"replies":[{"embeddable":true,"href":"https:\/\/cbxonline.com.br\/index.php\/wp-json\/wp\/v2\/comments?post=3237"}],"version-history":[{"count":0,"href":"https:\/\/cbxonline.com.br\/index.php\/wp-json\/wp\/v2\/posts\/3237\/revisions"}],"wp:featuredmedia":[{"embeddable":true,"href":"https:\/\/cbxonline.com.br\/index.php\/wp-json\/wp\/v2\/media\/3238"}],"wp:attachment":[{"href":"https:\/\/cbxonline.com.br\/index.php\/wp-json\/wp\/v2\/media?parent=3237"}],"wp:term":[{"taxonomy":"category","embeddable":true,"href":"https:\/\/cbxonline.com.br\/index.php\/wp-json\/wp\/v2\/categories?post=3237"},{"taxonomy":"post_tag","embeddable":true,"href":"https:\/\/cbxonline.com.br\/index.php\/wp-json\/wp\/v2\/tags?post=3237"}],"curies":[{"name":"wp","href":"https:\/\/api.w.org\/{rel}","templated":true}]}}