{"id":3210,"date":"2023-08-18T11:41:23","date_gmt":"2023-08-18T14:41:23","guid":{"rendered":"https:\/\/cbxonline.com.br\/?p=3210"},"modified":"2023-08-18T11:41:27","modified_gmt":"2023-08-18T14:41:27","slug":"grupos-de-samba-animam-4o-festival-gastronomico-da-feira-de-sao-joaquim","status":"publish","type":"post","link":"https:\/\/cbxonline.com.br\/index.php\/2023\/08\/18\/grupos-de-samba-animam-4o-festival-gastronomico-da-feira-de-sao-joaquim\/","title":{"rendered":"Grupos de samba animam 4\u00ba Festival Gastron\u00f4mico da Feira de S\u00e3o Joaquim"},"content":{"rendered":"\n<p>O 4\u00ba Festival Gastron\u00f4mico da Feira de S\u00e3o Joaquim acontece no dia 27 de agosto, das 11h \u00e0s 20h e vai proporcionar muitos momentos agrad\u00e1veis e gostosos para soteropolitanos e turistas.<\/p>\n\n\n\n<p>Al\u00e9m de fomentar a cultura e economia local, o evento conta com uma grade musical para n\u00e3o deixar ningu\u00e9m parado. Bambeia, Swing do Fora, Gal do Beco, CBX Samba Club e Samba Trator s\u00e3o as atra\u00e7\u00f5es que v\u00e3o alegrar o domingo de muita degusta\u00e7\u00e3o.<\/p>\n\n\n\n<p>O 4\u00ba Festival Gastron\u00f4mico da Feira de S\u00e3o Joaquim \u00e9 realizado pelos Institutos Feira de S\u00e3o Joaquim e Vem Sambar e conta com o apoio da Secretaria de Turismo do Estado da Bahia.<\/p>\n\n\n\n<p>O evento vai contemplar 13 pratos de restaurantes distintos.<\/p>\n\n\n\n<p><strong>SERVI\u00c7O:<\/strong><\/p>\n\n\n\n<p>O que: 4\u2070 Festival Gastron\u00f4mico da Feira de S\u00e3o Joaquim<\/p>\n\n\n\n<p>Atra\u00e7\u00f5es musical: Bambeia, CBX Samba Club, Gal do Beco, Samba Trator e Swing do Fora<\/p>\n\n\n\n<p>Quando: domingo, 27 de agosto, das 11 \u00e0s 20h<\/p>\n\n\n\n<p>Onde: Feira de S\u00e3o Joaquim (\u00c1gua de Meninos)<\/p>\n\n\n\n<p>Quanto: gratuito<\/p>\n\n\n\n<p>Classifica\u00e7\u00e3o: livre<\/p>\n\n\n\n<p>Outras informa\u00e7\u00f5es: (71) 98819-7972<\/p>\n","protected":false},"excerpt":{"rendered":"<p>O 4\u00ba Festival Gastron\u00f4mico da Feira de S\u00e3o Joaquim acontece no dia 27 de agosto, das 11h \u00e0s 20h e vai proporcionar muitos momentos agrad\u00e1veis e gostosos para soteropolitanos e turistas. Al\u00e9m de fomentar a cultura e economia local, o evento conta com uma grade musical para n\u00e3o deixar ningu\u00e9m parado. Bambeia, Swing do Fora, [&hellip;]<\/p>\n","protected":false},"author":2,"featured_media":3211,"comment_status":"open","ping_status":"open","sticky":false,"template":"","format":"standard","meta":{"jnews-multi-image_gallery":[],"jnews_single_post":{"subtitle":"","format":"standard","video":"","gallery":"","source_name":"","source_url":"","via_name":"","via_url":"","override_template":"0","override":[{"template":"1","single_blog_custom":"","parallax":"1","fullscreen":"1","layout":"right-sidebar","sidebar":"default-sidebar","second_sidebar":"default-sidebar","sticky_sidebar":"1","share_position":"top","share_float_style":"share-monocrhome","show_share_counter":"0","show_view_counter":"0","show_featured":"1","show_post_meta":"1","show_post_author":"0","show_post_author_image":"1","show_post_date":"1","post_date_format":"default","post_date_format_custom":"Y\/m\/d","show_post_category":"1","show_post_reading_time":"0","post_reading_time_wpm":"300","show_zoom_button":"0","zoom_button_out_step":"2","zoom_button_in_step":"3","show_post_tag":"1","show_prev_next_post":"1","show_popup_post":"1","number_popup_post":"1","show_author_box":"0","show_post_related":"0","show_inline_post_related":"0"}],"override_image_size":"0","image_override":[{"single_post_thumbnail_size":"no-crop","single_post_gallery_size":"crop-715"}],"trending_post":"0","trending_post_position":"meta","trending_post_label":"Trending","sponsored_post":"0","sponsored_post_label":"Sponsored by","sponsored_post_name":"","sponsored_post_url":"","sponsored_post_logo_enable":"0","sponsored_post_logo":"","sponsored_post_desc":"","disable_ad":"0"},"jnews_primary_category":{"id":"","hide":""},"footnotes":""},"categories":[88],"tags":[],"class_list":["post-3210","post","type-post","status-publish","format-standard","has-post-thumbnail","hentry","category-musica"],"_links":{"self":[{"href":"https:\/\/cbxonline.com.br\/index.php\/wp-json\/wp\/v2\/posts\/3210","targetHints":{"allow":["GET"]}}],"collection":[{"href":"https:\/\/cbxonline.com.br\/index.php\/wp-json\/wp\/v2\/posts"}],"about":[{"href":"https:\/\/cbxonline.com.br\/index.php\/wp-json\/wp\/v2\/types\/post"}],"author":[{"embeddable":true,"href":"https:\/\/cbxonline.com.br\/index.php\/wp-json\/wp\/v2\/users\/2"}],"replies":[{"embeddable":true,"href":"https:\/\/cbxonline.com.br\/index.php\/wp-json\/wp\/v2\/comments?post=3210"}],"version-history":[{"count":0,"href":"https:\/\/cbxonline.com.br\/index.php\/wp-json\/wp\/v2\/posts\/3210\/revisions"}],"wp:featuredmedia":[{"embeddable":true,"href":"https:\/\/cbxonline.com.br\/index.php\/wp-json\/wp\/v2\/media\/3211"}],"wp:attachment":[{"href":"https:\/\/cbxonline.com.br\/index.php\/wp-json\/wp\/v2\/media?parent=3210"}],"wp:term":[{"taxonomy":"category","embeddable":true,"href":"https:\/\/cbxonline.com.br\/index.php\/wp-json\/wp\/v2\/categories?post=3210"},{"taxonomy":"post_tag","embeddable":true,"href":"https:\/\/cbxonline.com.br\/index.php\/wp-json\/wp\/v2\/tags?post=3210"}],"curies":[{"name":"wp","href":"https:\/\/api.w.org\/{rel}","templated":true}]}}