{"id":3198,"date":"2023-08-18T10:56:08","date_gmt":"2023-08-18T13:56:08","guid":{"rendered":"https:\/\/cbxonline.com.br\/?p=3198"},"modified":"2023-08-18T10:56:11","modified_gmt":"2023-08-18T13:56:11","slug":"ssp-inicia-testes-das-cameras-que-serao-instaladas-nas-fardas-dos-policiais-baianos","status":"publish","type":"post","link":"https:\/\/cbxonline.com.br\/index.php\/2023\/08\/18\/ssp-inicia-testes-das-cameras-que-serao-instaladas-nas-fardas-dos-policiais-baianos\/","title":{"rendered":"SSP inicia testes das c\u00e2meras que ser\u00e3o instaladas nas fardas dos policiais baianos"},"content":{"rendered":"\n<p>A Secretaria da Seguran\u00e7a P\u00fablica da Bahia (SSP-BA) iniciou na manh\u00e3 desta sexta-feira (18) a prova de conceito das c\u00e2meras corporais com a empresa que&nbsp;ficou na segunda coloca\u00e7\u00e3o, na licita\u00e7\u00e3o&nbsp;para fornecimento do equipamento.<\/p>\n\n\n\n<p>A an\u00e1lise das c\u00e2meras \u00e9 realizada pela Superintend\u00eancia de Gest\u00e3o Tecnol\u00f3gica e Organizacional (SGTO), no Centro de Opera\u00e7\u00f5es e Intelig\u00eancia (COI), com apoio da Superintend\u00eancia de Telecomunica\u00e7\u00f4es (Stelecom). A segunda etapa da avalia\u00e7\u00e3o acontecer\u00e1 na pr\u00f3xima segunda-feira (21).<\/p>\n\n\n\n<p>e acordo com a SSP, as especifica\u00e7\u00f5es do equipamento ser\u00e3o minuciosamente testadas para garantir o atendimento a todas as necessidades determinadas no edital. Em caso de aprova\u00e7\u00e3o do equipamento, haver\u00e1 novo prazo para recurso, antes da contrata\u00e7\u00e3o.<\/p>\n\n\n\n<p>\u201cA empresa far\u00e1 a demonstra\u00e7\u00e3o prevista no edital, desde a parte tecnol\u00f3gica at\u00e9 a operacional, com fixa\u00e7\u00e3o do equipamento nos profissionais e testes externos\u201d explicou o major Jurandilson Nascimento, diretor de Videomonitoramento da SGTO.<\/p>\n\n\n\n<p>O oficial disse ainda que a ferramenta dever\u00e1 ser capaz de resistir a \u00e1gua, poeira, queda, entre outras intercorr\u00eancias. \u201cA qualidade de \u00e1udio e imagem, armazenamento e toda a parte que envolve a atividade dos profissionais da Seguran\u00e7a P\u00fablica tamb\u00e9m ser\u00e3o testadas\u201d, completou Jurand\u00edlson.<\/p>\n","protected":false},"excerpt":{"rendered":"<p>A Secretaria da Seguran\u00e7a P\u00fablica da Bahia (SSP-BA) iniciou na manh\u00e3 desta sexta-feira (18) a prova de conceito das c\u00e2meras corporais com a empresa que&nbsp;ficou na segunda coloca\u00e7\u00e3o, na licita\u00e7\u00e3o&nbsp;para fornecimento do equipamento. A an\u00e1lise das c\u00e2meras \u00e9 realizada pela Superintend\u00eancia de Gest\u00e3o Tecnol\u00f3gica e Organizacional (SGTO), no Centro de Opera\u00e7\u00f5es e Intelig\u00eancia (COI), com [&hellip;]<\/p>\n","protected":false},"author":2,"featured_media":3199,"comment_status":"open","ping_status":"open","sticky":false,"template":"","format":"standard","meta":{"jnews-multi-image_gallery":[],"jnews_single_post":{"subtitle":"","format":"standard","video":"","gallery":"","source_name":"","source_url":"","via_name":"","via_url":"","override_template":"0","override":[{"template":"1","single_blog_custom":"","parallax":"1","fullscreen":"1","layout":"right-sidebar","sidebar":"default-sidebar","second_sidebar":"default-sidebar","sticky_sidebar":"1","share_position":"top","share_float_style":"share-monocrhome","show_share_counter":"0","show_view_counter":"0","show_featured":"1","show_post_meta":"1","show_post_author":"0","show_post_author_image":"1","show_post_date":"1","post_date_format":"default","post_date_format_custom":"Y\/m\/d","show_post_category":"1","show_post_reading_time":"0","post_reading_time_wpm":"300","show_zoom_button":"0","zoom_button_out_step":"2","zoom_button_in_step":"3","show_post_tag":"1","show_prev_next_post":"1","show_popup_post":"1","number_popup_post":"1","show_author_box":"0","show_post_related":"0","show_inline_post_related":"0"}],"override_image_size":"0","image_override":[{"single_post_thumbnail_size":"no-crop","single_post_gallery_size":"crop-715"}],"trending_post":"0","trending_post_position":"meta","trending_post_label":"Trending","sponsored_post":"0","sponsored_post_label":"Sponsored by","sponsored_post_name":"","sponsored_post_url":"","sponsored_post_logo_enable":"0","sponsored_post_logo":"","sponsored_post_desc":"","disable_ad":"0"},"jnews_primary_category":{"id":"","hide":""},"footnotes":""},"categories":[105,83],"tags":[],"class_list":["post-3198","post","type-post","status-publish","format-standard","has-post-thumbnail","hentry","category-policia","category-seguranca"],"_links":{"self":[{"href":"https:\/\/cbxonline.com.br\/index.php\/wp-json\/wp\/v2\/posts\/3198","targetHints":{"allow":["GET"]}}],"collection":[{"href":"https:\/\/cbxonline.com.br\/index.php\/wp-json\/wp\/v2\/posts"}],"about":[{"href":"https:\/\/cbxonline.com.br\/index.php\/wp-json\/wp\/v2\/types\/post"}],"author":[{"embeddable":true,"href":"https:\/\/cbxonline.com.br\/index.php\/wp-json\/wp\/v2\/users\/2"}],"replies":[{"embeddable":true,"href":"https:\/\/cbxonline.com.br\/index.php\/wp-json\/wp\/v2\/comments?post=3198"}],"version-history":[{"count":0,"href":"https:\/\/cbxonline.com.br\/index.php\/wp-json\/wp\/v2\/posts\/3198\/revisions"}],"wp:featuredmedia":[{"embeddable":true,"href":"https:\/\/cbxonline.com.br\/index.php\/wp-json\/wp\/v2\/media\/3199"}],"wp:attachment":[{"href":"https:\/\/cbxonline.com.br\/index.php\/wp-json\/wp\/v2\/media?parent=3198"}],"wp:term":[{"taxonomy":"category","embeddable":true,"href":"https:\/\/cbxonline.com.br\/index.php\/wp-json\/wp\/v2\/categories?post=3198"},{"taxonomy":"post_tag","embeddable":true,"href":"https:\/\/cbxonline.com.br\/index.php\/wp-json\/wp\/v2\/tags?post=3198"}],"curies":[{"name":"wp","href":"https:\/\/api.w.org\/{rel}","templated":true}]}}