{"id":3147,"date":"2023-08-17T14:59:42","date_gmt":"2023-08-17T17:59:42","guid":{"rendered":"https:\/\/cbxonline.com.br\/?p=3147"},"modified":"2023-08-17T14:59:44","modified_gmt":"2023-08-17T17:59:44","slug":"ponte-do-funil-segue-parcialmente-interditada-ate-final-de-agosto","status":"publish","type":"post","link":"https:\/\/cbxonline.com.br\/index.php\/2023\/08\/17\/ponte-do-funil-segue-parcialmente-interditada-ate-final-de-agosto\/","title":{"rendered":"Ponte do Funil segue parcialmente interditada at\u00e9 final de agosto"},"content":{"rendered":"\n<p>A\u00a0Ponte do Funil, via de conex\u00e3o com a Ilha de Itaparica, na Regi\u00e3o Metropolitana de Salvador, segue interditada at\u00e9 o final do m\u00eas de agosto. A Secretaria de Infraestrutura da Bahia (Seinfra) informou que precisar\u00e1 manter a\u00a0interdi\u00e7\u00e3o parcial do equipamento\u00a0em mais uma semana para a conclus\u00e3o dos servi\u00e7os de manuten\u00e7\u00e3o que est\u00e3o em andamento. A previs\u00e3o \u00e9 de que a recupera\u00e7\u00e3o da estrutura seja finalizada no dia 25 de agosto.<\/p>\n\n\n\n<p>As restri\u00e7\u00f5es seguem as mesmas. Os ve\u00edculos abaixo de 32 toneladas (priorizando ambul\u00e2ncias e viaturas) poder\u00e3o realizar a travessia a partir do sistema Pare e Siga. Al\u00e9m disso, o tr\u00e2nsito sofre altera\u00e7\u00f5es de segunda a sexta, das 10h \u00e0s 16h30, hor\u00e1rios de menor fluxo. Aos finais semana o fluxo \u00e9 livre.<\/p>\n\n\n\n<p>A Pol\u00edcia Rodovi\u00e1ria Estadual tamb\u00e9m continuar\u00e1 presente com balan\u00e7a m\u00f3vel para a verifica\u00e7\u00e3o do peso dos ve\u00edculos quando necess\u00e1rio.<\/p>\n\n\n\n<p>Para quem deseja sair de Salvador ou da regi\u00e3o do Rec\u00f4ncavo e Baixo Sul, por exemplo, e quiser evitar cruzar a ponte neste per\u00edodo, \u00e9 poss\u00edvel acessar as seguintes rotas alternativas: Salvador &#8211; BR.324 &#8211; BR.101 &#8211; Santo Ant\u00f4nio de Jesus &#8211; Nazar\u00e9 &#8211; Baixo Sul ou Salvador &#8211; BR.324 &#8211; Santo Amaro &#8211; Cachoeira &#8211; S\u00e3o Roque do Paragua\u00e7u &#8211; Nazar\u00e9 &#8211; Baixo Sul.<\/p>\n\n\n\n<p>Com um investimento de R$ 12,1 milh\u00f5es, os servi\u00e7os de manuten\u00e7\u00e3o est\u00e3o em andamento desde fevereiro de 2022 e tem previs\u00e3o de conclus\u00e3o em fevereiro de 2024.<\/p>\n","protected":false},"excerpt":{"rendered":"<p>A\u00a0Ponte do Funil, via de conex\u00e3o com a Ilha de Itaparica, na Regi\u00e3o Metropolitana de Salvador, segue interditada at\u00e9 o final do m\u00eas de agosto. A Secretaria de Infraestrutura da Bahia (Seinfra) informou que precisar\u00e1 manter a\u00a0interdi\u00e7\u00e3o parcial do equipamento\u00a0em mais uma semana para a conclus\u00e3o dos servi\u00e7os de manuten\u00e7\u00e3o que est\u00e3o em andamento. A [&hellip;]<\/p>\n","protected":false},"author":2,"featured_media":3148,"comment_status":"open","ping_status":"open","sticky":false,"template":"","format":"standard","meta":{"jnews-multi-image_gallery":[],"jnews_single_post":{"subtitle":"","format":"standard","video":"","gallery":"","source_name":"","source_url":"","via_name":"","via_url":"","override_template":"0","override":[{"template":"1","single_blog_custom":"","parallax":"1","fullscreen":"1","layout":"right-sidebar","sidebar":"default-sidebar","second_sidebar":"default-sidebar","sticky_sidebar":"1","share_position":"top","share_float_style":"share-monocrhome","show_share_counter":"0","show_view_counter":"0","show_featured":"1","show_post_meta":"1","show_post_author":"0","show_post_author_image":"1","show_post_date":"1","post_date_format":"default","post_date_format_custom":"Y\/m\/d","show_post_category":"1","show_post_reading_time":"0","post_reading_time_wpm":"300","show_zoom_button":"0","zoom_button_out_step":"2","zoom_button_in_step":"3","show_post_tag":"1","show_prev_next_post":"1","show_popup_post":"1","number_popup_post":"1","show_author_box":"0","show_post_related":"0","show_inline_post_related":"0"}],"override_image_size":"0","image_override":[{"single_post_thumbnail_size":"no-crop","single_post_gallery_size":"crop-715"}],"trending_post":"0","trending_post_position":"meta","trending_post_label":"Trending","sponsored_post":"0","sponsored_post_label":"Sponsored by","sponsored_post_name":"","sponsored_post_url":"","sponsored_post_logo_enable":"0","sponsored_post_logo":"","sponsored_post_desc":"","disable_ad":"0"},"jnews_primary_category":{"id":"","hide":""},"footnotes":""},"categories":[85],"tags":[],"class_list":["post-3147","post","type-post","status-publish","format-standard","has-post-thumbnail","hentry","category-noticias"],"_links":{"self":[{"href":"https:\/\/cbxonline.com.br\/index.php\/wp-json\/wp\/v2\/posts\/3147","targetHints":{"allow":["GET"]}}],"collection":[{"href":"https:\/\/cbxonline.com.br\/index.php\/wp-json\/wp\/v2\/posts"}],"about":[{"href":"https:\/\/cbxonline.com.br\/index.php\/wp-json\/wp\/v2\/types\/post"}],"author":[{"embeddable":true,"href":"https:\/\/cbxonline.com.br\/index.php\/wp-json\/wp\/v2\/users\/2"}],"replies":[{"embeddable":true,"href":"https:\/\/cbxonline.com.br\/index.php\/wp-json\/wp\/v2\/comments?post=3147"}],"version-history":[{"count":0,"href":"https:\/\/cbxonline.com.br\/index.php\/wp-json\/wp\/v2\/posts\/3147\/revisions"}],"wp:featuredmedia":[{"embeddable":true,"href":"https:\/\/cbxonline.com.br\/index.php\/wp-json\/wp\/v2\/media\/3148"}],"wp:attachment":[{"href":"https:\/\/cbxonline.com.br\/index.php\/wp-json\/wp\/v2\/media?parent=3147"}],"wp:term":[{"taxonomy":"category","embeddable":true,"href":"https:\/\/cbxonline.com.br\/index.php\/wp-json\/wp\/v2\/categories?post=3147"},{"taxonomy":"post_tag","embeddable":true,"href":"https:\/\/cbxonline.com.br\/index.php\/wp-json\/wp\/v2\/tags?post=3147"}],"curies":[{"name":"wp","href":"https:\/\/api.w.org\/{rel}","templated":true}]}}