{"id":2965,"date":"2023-08-10T14:41:38","date_gmt":"2023-08-10T17:41:38","guid":{"rendered":"https:\/\/cbxonline.com.br\/?p=2965"},"modified":"2023-08-10T14:41:40","modified_gmt":"2023-08-10T17:41:40","slug":"itamaraty-lamenta-morte-de-de-candidato-a-presidencia-do-equador-ato-deploravel","status":"publish","type":"post","link":"https:\/\/cbxonline.com.br\/index.php\/2023\/08\/10\/itamaraty-lamenta-morte-de-de-candidato-a-presidencia-do-equador-ato-deploravel\/","title":{"rendered":"Itamaraty lamenta morte de de candidato \u00e0 Presid\u00eancia do Equador: \u201cAto deplor\u00e1vel\u201d"},"content":{"rendered":"\n<p>O Governo Federal por meio do Itamaraty, lamentou na noite desta quarta-feira (9),\u00a0o assassinato do Presidente do Equador, Fernando Villavicencio.\u00a0<\/p>\n\n\n\n<p>Atrav\u00e9s de nota, o Governo Lula prestou &#8220;profunda consterna\u00e7\u00e3o&#8221; diante da not\u00edcia da morte e considerou o caso como \u201cdeplor\u00e1vel\u201d.\u00a0<\/p>\n\n\n\n<p>&#8220;O governo brasileiro tomou conhecimento, com profunda consterna\u00e7\u00e3o, do assassinato. Com a confian\u00e7a de que os respons\u00e1veis por esse deplor\u00e1vel ato ser\u00e3o identificados e levados \u00e0 justi\u00e7a, o Brasil transmite suas sentidas condol\u00eancias \u00e0 fam\u00edlia do candidato e ao governo e ao povo equatorianos.&#8221;<\/p>\n\n\n\n<p>O posicionamento do governo brasileiro chega ap\u00f3s o presidente equatoriano, Guillermo Lasso, ter decretado estado de exce\u00e7\u00e3o no pa\u00eds. A medida, de acordo com o governo, tem o objetivo de&nbsp; garantir a seguran\u00e7a das elei\u00e7\u00f5es gerais, no pr\u00f3ximo dia 20 de agosto.<\/p>\n\n\n\n<p>&#8220;As For\u00e7as Armadas, a partir deste momento, mobilizam-se em todo o territ\u00f3rio nacional para garantir a seguran\u00e7a dos cidad\u00e3os, a tranquilidade do pa\u00eds e as elei\u00e7\u00f5es livres e democr\u00e1ticas em 20 de agosto&#8221;, disse Lasso em discurso transmitido no YouTube.<\/p>\n","protected":false},"excerpt":{"rendered":"<p>O Governo Federal por meio do Itamaraty, lamentou na noite desta quarta-feira (9),\u00a0o assassinato do Presidente do Equador, Fernando Villavicencio.\u00a0 Atrav\u00e9s de nota, o Governo Lula prestou &#8220;profunda consterna\u00e7\u00e3o&#8221; diante da not\u00edcia da morte e considerou o caso como \u201cdeplor\u00e1vel\u201d.\u00a0 &#8220;O governo brasileiro tomou conhecimento, com profunda consterna\u00e7\u00e3o, do assassinato. Com a confian\u00e7a de que [&hellip;]<\/p>\n","protected":false},"author":2,"featured_media":2966,"comment_status":"open","ping_status":"open","sticky":false,"template":"","format":"standard","meta":{"jnews-multi-image_gallery":[],"jnews_single_post":{"subtitle":"","format":"standard","video":"","gallery":"","source_name":"","source_url":"","via_name":"","via_url":"","override_template":"0","override":[{"template":"1","single_blog_custom":"","parallax":"1","fullscreen":"1","layout":"right-sidebar","sidebar":"default-sidebar","second_sidebar":"default-sidebar","sticky_sidebar":"1","share_position":"top","share_float_style":"share-monocrhome","show_share_counter":"0","show_view_counter":"0","show_featured":"1","show_post_meta":"1","show_post_author":"0","show_post_author_image":"1","show_post_date":"1","post_date_format":"default","post_date_format_custom":"Y\/m\/d","show_post_category":"1","show_post_reading_time":"0","post_reading_time_wpm":"300","show_zoom_button":"0","zoom_button_out_step":"2","zoom_button_in_step":"3","show_post_tag":"1","show_prev_next_post":"1","show_popup_post":"1","number_popup_post":"1","show_author_box":"0","show_post_related":"0","show_inline_post_related":"0"}],"override_image_size":"0","image_override":[{"single_post_thumbnail_size":"no-crop","single_post_gallery_size":"crop-715"}],"trending_post":"0","trending_post_position":"meta","trending_post_label":"Trending","sponsored_post":"0","sponsored_post_label":"Sponsored by","sponsored_post_name":"","sponsored_post_url":"","sponsored_post_logo_enable":"0","sponsored_post_logo":"","sponsored_post_desc":"","disable_ad":"0"},"jnews_primary_category":{"id":"","hide":""},"footnotes":""},"categories":[85,91],"tags":[],"class_list":["post-2965","post","type-post","status-publish","format-standard","has-post-thumbnail","hentry","category-noticias","category-politica"],"_links":{"self":[{"href":"https:\/\/cbxonline.com.br\/index.php\/wp-json\/wp\/v2\/posts\/2965","targetHints":{"allow":["GET"]}}],"collection":[{"href":"https:\/\/cbxonline.com.br\/index.php\/wp-json\/wp\/v2\/posts"}],"about":[{"href":"https:\/\/cbxonline.com.br\/index.php\/wp-json\/wp\/v2\/types\/post"}],"author":[{"embeddable":true,"href":"https:\/\/cbxonline.com.br\/index.php\/wp-json\/wp\/v2\/users\/2"}],"replies":[{"embeddable":true,"href":"https:\/\/cbxonline.com.br\/index.php\/wp-json\/wp\/v2\/comments?post=2965"}],"version-history":[{"count":0,"href":"https:\/\/cbxonline.com.br\/index.php\/wp-json\/wp\/v2\/posts\/2965\/revisions"}],"wp:featuredmedia":[{"embeddable":true,"href":"https:\/\/cbxonline.com.br\/index.php\/wp-json\/wp\/v2\/media\/2966"}],"wp:attachment":[{"href":"https:\/\/cbxonline.com.br\/index.php\/wp-json\/wp\/v2\/media?parent=2965"}],"wp:term":[{"taxonomy":"category","embeddable":true,"href":"https:\/\/cbxonline.com.br\/index.php\/wp-json\/wp\/v2\/categories?post=2965"},{"taxonomy":"post_tag","embeddable":true,"href":"https:\/\/cbxonline.com.br\/index.php\/wp-json\/wp\/v2\/tags?post=2965"}],"curies":[{"name":"wp","href":"https:\/\/api.w.org\/{rel}","templated":true}]}}