{"id":2961,"date":"2023-08-10T11:51:31","date_gmt":"2023-08-10T14:51:31","guid":{"rendered":"https:\/\/cbxonline.com.br\/?p=2961"},"modified":"2023-08-10T11:51:32","modified_gmt":"2023-08-10T14:51:32","slug":"bruno-reis-confirma-saida-de-daniel-ribeiro-do-fumpres-e-chegada-na-subsecretaria-da-sefaz-entenda-ajuste","status":"publish","type":"post","link":"https:\/\/cbxonline.com.br\/index.php\/2023\/08\/10\/bruno-reis-confirma-saida-de-daniel-ribeiro-do-fumpres-e-chegada-na-subsecretaria-da-sefaz-entenda-ajuste\/","title":{"rendered":"Bruno Reis confirma sa\u00edda de Daniel Ribeiro do FUMPRES e chegada na subsecretaria da Sefaz; entenda ajuste"},"content":{"rendered":"\n<p>O prefeito de Salvador, Bruno Reis (Uni\u00e3o), durante uma reuni\u00e3o com os diretores e o titular da Secretaria Municipal de Gest\u00e3o (SEMGE), Rodrigo Alves, nesta quarta-feira (9), anunciou a sa\u00edda do agora ex-diretor da Diretoria de Previd\u00eancia, Daniel Ribeiro, que vai assumir a subsecretaria da Secretaria da Fazenda (Sefaz). \u00c0 frente do FUMPRES ficar\u00e1 Tain\u00e1 Barros, que j\u00e1 faz parte do RPPS de Salvador h\u00e1 5 anos. &nbsp;&nbsp;<\/p>\n\n\n\n<p>O Bahia Not\u00edcias j\u00e1 havia antecipado o movimento envolvendo Daniel, que permaneceu em ambas as pastas por algum per\u00edodo.\u00a0O movimento vem ap\u00f3s o prefeito Bruno Reis confirmar\u00a0a sa\u00edda do\u00a0subsecret\u00e1rio Walter Cairo da Secretaria Municipal da Fazenda (Sefaz) de Salvador.<\/p>\n\n\n\n<p>Reis avaliou de forma positiva a gest\u00e3o previdenci\u00e1ria do Fundo Municipal de Previd\u00eancia do Servidor (FUMPRES). &#8220;Voc\u00eas lembram como era a previd\u00eancia de Salvador antes falida, deficit\u00e1ria, onde os servidores que dedicam sua vida \u00e0 causa p\u00fablica, n\u00e3o tinham certeza se ao final teriam uma aposentadoria digna e a certeza de receber a sua aposentadoria. Hoje n\u00f3s sa\u00edmos da pior para a melhor previd\u00eancia do Brasil&#8221;, ressaltou Bruno Reis.<\/p>\n\n\n\n<p>&#8220;Gra\u00e7as ao trabalho de Daniel e Tain\u00e1 a previd\u00eancia est\u00e1 ocupando esse lugar. Daniel iniciou o trabalho e agora Tain\u00e1 vai dar continuidade, porque Daniel vai para a subsecretaria da Fazenda, mas vai continuar nos ajudando aqui&#8221;, completou.<\/p>\n\n\n\n<p>Para o ex-diretor e atual subsecret\u00e1rio da Sefaz, as mudan\u00e7as que ocorreram fazem parte das transi\u00e7\u00f5es naturais e, assim como foi feito no FUMPRES, tamb\u00e9m vai assumir com responsabilidade e seriedade a subsecretaria da Fazenda. Al\u00e9m disso, ressaltou que sempre estar\u00e1 por perto apoiando o RPPS em todos os desafios e conquistas. &#8220;Agora, deixo para minha parceira de todas as horas, Tain\u00e1 Barros, a miss\u00e3o de comandar a DPR, e com a certeza que executar\u00e1 da melhor forma, assegurando os direitos previdenci\u00e1rios dos nossos segurados e a sustentabilidade do regime&#8221;, destacou.<\/p>\n\n\n\n<p>A parceria com Daniel Ribeiro durante esses anos vai ultrapassar as barreiras de espa\u00e7o e deve perdurar, de acordo com a nova diretora do FUMPRES. &#8220;Nunca ser\u00e1 uma despedida, seguirei sempre \u00e0 disposi\u00e7\u00e3o de Daniel, caminhando lado a lado. Afinal, ele \u00e9 uma grande refer\u00eancia profissional, um ser humano \u00fanico! Daniel, de fato, representa a lideran\u00e7a que eu acredito&#8221;, afirmou Tain\u00e1. &nbsp;<\/p>\n\n\n\n<p>Ainda no evento desta quarta-feira, o secret\u00e1rio da SEMGE, Rodrigo Alves, parabenizou a excel\u00eancia no desempenho da Diretoria de Previd\u00eancia. &#8220;Parab\u00e9ns para Daniel e toda a equipe da DPR, porque a qualidade do trabalho na gest\u00e3o da DPR foi o que qualificou ele a est\u00e1 assumindo essa nova miss\u00e3o como subsecret\u00e1rio da sefaz, fez um grande trabalho como subsecret\u00e1rio nesse segundo semestre me ajudou muito&#8221;, disse Rodrigo.<\/p>\n","protected":false},"excerpt":{"rendered":"<p>O prefeito de Salvador, Bruno Reis (Uni\u00e3o), durante uma reuni\u00e3o com os diretores e o titular da Secretaria Municipal de Gest\u00e3o (SEMGE), Rodrigo Alves, nesta quarta-feira (9), anunciou a sa\u00edda do agora ex-diretor da Diretoria de Previd\u00eancia, Daniel Ribeiro, que vai assumir a subsecretaria da Secretaria da Fazenda (Sefaz). \u00c0 frente do FUMPRES ficar\u00e1 Tain\u00e1 [&hellip;]<\/p>\n","protected":false},"author":2,"featured_media":2962,"comment_status":"open","ping_status":"open","sticky":false,"template":"","format":"standard","meta":{"jnews-multi-image_gallery":[],"jnews_single_post":{"subtitle":"","format":"standard","video":"","gallery":"","source_name":"","source_url":"","via_name":"","via_url":"","override_template":"0","override":[{"template":"1","single_blog_custom":"","parallax":"1","fullscreen":"1","layout":"right-sidebar","sidebar":"default-sidebar","second_sidebar":"default-sidebar","sticky_sidebar":"1","share_position":"top","share_float_style":"share-monocrhome","show_share_counter":"0","show_view_counter":"0","show_featured":"1","show_post_meta":"1","show_post_author":"0","show_post_author_image":"1","show_post_date":"1","post_date_format":"default","post_date_format_custom":"Y\/m\/d","show_post_category":"1","show_post_reading_time":"0","post_reading_time_wpm":"300","show_zoom_button":"0","zoom_button_out_step":"2","zoom_button_in_step":"3","show_post_tag":"1","show_prev_next_post":"1","show_popup_post":"1","number_popup_post":"1","show_author_box":"0","show_post_related":"0","show_inline_post_related":"0"}],"override_image_size":"0","image_override":[{"single_post_thumbnail_size":"no-crop","single_post_gallery_size":"crop-715"}],"trending_post":"0","trending_post_position":"meta","trending_post_label":"Trending","sponsored_post":"0","sponsored_post_label":"Sponsored by","sponsored_post_name":"","sponsored_post_url":"","sponsored_post_logo_enable":"0","sponsored_post_logo":"","sponsored_post_desc":"","disable_ad":"0"},"jnews_primary_category":{"id":"","hide":""},"footnotes":""},"categories":[91],"tags":[],"class_list":["post-2961","post","type-post","status-publish","format-standard","has-post-thumbnail","hentry","category-politica"],"_links":{"self":[{"href":"https:\/\/cbxonline.com.br\/index.php\/wp-json\/wp\/v2\/posts\/2961","targetHints":{"allow":["GET"]}}],"collection":[{"href":"https:\/\/cbxonline.com.br\/index.php\/wp-json\/wp\/v2\/posts"}],"about":[{"href":"https:\/\/cbxonline.com.br\/index.php\/wp-json\/wp\/v2\/types\/post"}],"author":[{"embeddable":true,"href":"https:\/\/cbxonline.com.br\/index.php\/wp-json\/wp\/v2\/users\/2"}],"replies":[{"embeddable":true,"href":"https:\/\/cbxonline.com.br\/index.php\/wp-json\/wp\/v2\/comments?post=2961"}],"version-history":[{"count":0,"href":"https:\/\/cbxonline.com.br\/index.php\/wp-json\/wp\/v2\/posts\/2961\/revisions"}],"wp:featuredmedia":[{"embeddable":true,"href":"https:\/\/cbxonline.com.br\/index.php\/wp-json\/wp\/v2\/media\/2962"}],"wp:attachment":[{"href":"https:\/\/cbxonline.com.br\/index.php\/wp-json\/wp\/v2\/media?parent=2961"}],"wp:term":[{"taxonomy":"category","embeddable":true,"href":"https:\/\/cbxonline.com.br\/index.php\/wp-json\/wp\/v2\/categories?post=2961"},{"taxonomy":"post_tag","embeddable":true,"href":"https:\/\/cbxonline.com.br\/index.php\/wp-json\/wp\/v2\/tags?post=2961"}],"curies":[{"name":"wp","href":"https:\/\/api.w.org\/{rel}","templated":true}]}}