{"id":2846,"date":"2023-08-09T10:28:23","date_gmt":"2023-08-09T13:28:23","guid":{"rendered":"https:\/\/cbxonline.com.br\/?p=2846"},"modified":"2023-08-09T10:29:12","modified_gmt":"2023-08-09T13:29:12","slug":"apos-roubo-onibus-e-incendiado-por-criminosos-em-bairro-de-salvador","status":"publish","type":"post","link":"https:\/\/cbxonline.com.br\/index.php\/2023\/08\/09\/apos-roubo-onibus-e-incendiado-por-criminosos-em-bairro-de-salvador\/","title":{"rendered":"Ap\u00f3s roubo, \u00f4nibus \u00e9 incendiado por criminosos em bairro de Salvador"},"content":{"rendered":"\n<p>Um \u00f4nibus foi incendiado, na madrugada desta quarta-feira (9), no Conjunto ACM &#8211; regi\u00e3o mais conhecida como &#8216;Coroado&#8217; &#8211; localizado no bairro de S\u00e3o Marcos, em Salvador. Segundo informa\u00e7\u00f5es da Pol\u00edcia Militar (PM), o policiamento foi refor\u00e7ado na regi\u00e3o.<\/p>\n\n\n\n<p>As primeiras informa\u00e7\u00f5es apontam que homens interceptaram o coletivo, que fazia linha Ribeira x Terminal Pitua\u00e7u, roubaram os pertences do motorista e do cobrador e atearam fogo no ve\u00edculo. Ainda n\u00e3o se sabe o motivo do inc\u00eandio.<\/p>\n\n\n\n<p>Ainda segundo a pol\u00edcia, at\u00e9 o momento, n\u00e3o h\u00e1 registros de feridos. Por conta da propor\u00e7\u00e3o das chamas, parte da via foi interditada. A Neoenergia Coelba foi acionada para ajuste da rede el\u00e9trica na regi\u00e3o e Corpo de Bombeiro segue atuando na ocorr\u00eancia.<\/p>\n\n\n\n<p>Vale ainda pontuar que este \u00e9 o quinto ataque a \u00f4nibus registrado neste ano em Salvador. Segundo a Secretaria Municipal de Mobilidade (Semob), um ataque aconteceu em Piraj\u00e1, dentro de uma garagem, e outros tr\u00eas aconteceram em Sussuarana. O primeiro no dia 31 de mar\u00e7o, o segundo no dia 10 de abril e o terceiro no dia 28 de julho. Destes, 4 ve\u00edculos foram retirados de circula\u00e7\u00e3o. Como o de Piraj\u00e1 n\u00e3o foi queimado completamente, ele foi restaurado e est\u00e1 circulando.<\/p>\n\n\n\n<p>A Secretaria Municipal de Educa\u00e7\u00e3o (Smed) informou que as gest\u00f5es da Escola Municipal Manoel de Abreu e CMEI Eduardo Freitas suspenderam as atividades.<\/p>\n","protected":false},"excerpt":{"rendered":"<p>Um \u00f4nibus foi incendiado, na madrugada desta quarta-feira (9), no Conjunto ACM &#8211; regi\u00e3o mais conhecida como &#8216;Coroado&#8217; &#8211; localizado no bairro de S\u00e3o Marcos, em Salvador. Segundo informa\u00e7\u00f5es da Pol\u00edcia Militar (PM), o policiamento foi refor\u00e7ado na regi\u00e3o. As primeiras informa\u00e7\u00f5es apontam que homens interceptaram o coletivo, que fazia linha Ribeira x Terminal Pitua\u00e7u, [&hellip;]<\/p>\n","protected":false},"author":2,"featured_media":2847,"comment_status":"open","ping_status":"open","sticky":false,"template":"","format":"standard","meta":{"jnews-multi-image_gallery":[],"jnews_single_post":{"subtitle":"","format":"standard","video":"","gallery":"","source_name":"","source_url":"","via_name":"","via_url":"","override_template":"0","override":[{"template":"1","single_blog_custom":"","parallax":"1","fullscreen":"1","layout":"right-sidebar","sidebar":"default-sidebar","second_sidebar":"default-sidebar","sticky_sidebar":"1","share_position":"top","share_float_style":"share-monocrhome","show_share_counter":"0","show_view_counter":"0","show_featured":"1","show_post_meta":"1","show_post_author":"0","show_post_author_image":"1","show_post_date":"1","post_date_format":"default","post_date_format_custom":"Y\/m\/d","show_post_category":"1","show_post_reading_time":"0","post_reading_time_wpm":"300","show_zoom_button":"0","zoom_button_out_step":"2","zoom_button_in_step":"3","show_post_tag":"1","show_prev_next_post":"1","show_popup_post":"1","number_popup_post":"1","show_author_box":"0","show_post_related":"0","show_inline_post_related":"0"}],"override_image_size":"0","image_override":[{"single_post_thumbnail_size":"no-crop","single_post_gallery_size":"crop-715"}],"trending_post":"0","trending_post_position":"meta","trending_post_label":"Trending","sponsored_post":"0","sponsored_post_label":"Sponsored by","sponsored_post_name":"","sponsored_post_url":"","sponsored_post_logo_enable":"0","sponsored_post_logo":"","sponsored_post_desc":"","disable_ad":"0"},"jnews_primary_category":{"id":"","hide":""},"footnotes":""},"categories":[105],"tags":[],"class_list":["post-2846","post","type-post","status-publish","format-standard","has-post-thumbnail","hentry","category-policia"],"_links":{"self":[{"href":"https:\/\/cbxonline.com.br\/index.php\/wp-json\/wp\/v2\/posts\/2846","targetHints":{"allow":["GET"]}}],"collection":[{"href":"https:\/\/cbxonline.com.br\/index.php\/wp-json\/wp\/v2\/posts"}],"about":[{"href":"https:\/\/cbxonline.com.br\/index.php\/wp-json\/wp\/v2\/types\/post"}],"author":[{"embeddable":true,"href":"https:\/\/cbxonline.com.br\/index.php\/wp-json\/wp\/v2\/users\/2"}],"replies":[{"embeddable":true,"href":"https:\/\/cbxonline.com.br\/index.php\/wp-json\/wp\/v2\/comments?post=2846"}],"version-history":[{"count":0,"href":"https:\/\/cbxonline.com.br\/index.php\/wp-json\/wp\/v2\/posts\/2846\/revisions"}],"wp:featuredmedia":[{"embeddable":true,"href":"https:\/\/cbxonline.com.br\/index.php\/wp-json\/wp\/v2\/media\/2847"}],"wp:attachment":[{"href":"https:\/\/cbxonline.com.br\/index.php\/wp-json\/wp\/v2\/media?parent=2846"}],"wp:term":[{"taxonomy":"category","embeddable":true,"href":"https:\/\/cbxonline.com.br\/index.php\/wp-json\/wp\/v2\/categories?post=2846"},{"taxonomy":"post_tag","embeddable":true,"href":"https:\/\/cbxonline.com.br\/index.php\/wp-json\/wp\/v2\/tags?post=2846"}],"curies":[{"name":"wp","href":"https:\/\/api.w.org\/{rel}","templated":true}]}}