{"id":2635,"date":"2023-08-07T10:20:12","date_gmt":"2023-08-07T13:20:12","guid":{"rendered":"https:\/\/cbxonline.com.br\/?p=2635"},"modified":"2023-08-07T10:20:14","modified_gmt":"2023-08-07T13:20:14","slug":"museu-de-arte-da-bahia-recebe-exposicao-de-moraes-moreira","status":"publish","type":"post","link":"https:\/\/cbxonline.com.br\/index.php\/2023\/08\/07\/museu-de-arte-da-bahia-recebe-exposicao-de-moraes-moreira\/","title":{"rendered":"Museu de Arte da Bahia recebe exposi\u00e7\u00e3o de Moraes Moreira"},"content":{"rendered":"\n<p>Estreia nesta ter\u00e7a-feira (8), no Museu de Arte da Bahia (MAB), a exposi\u00e7\u00e3o Mancha de Dend\u00ea n\u00e3o sai \u2013 Moraes Moreira, uma iniciativa in\u00e9dita que tem como objetivo proporcionar aos visitantes uma imers\u00e3o sensorial na hist\u00f3ria da m\u00fasica popular e da cultura brasileira por meio da vida e obra de um dos artistas mais relevantes do pa\u00eds. Funcionando de ter\u00e7a a domingo, das 10h \u00e0s 18h, o espa\u00e7o fica no Corredor da Vit\u00f3ria, com entrada gratuita.<\/p>\n\n\n\n<p>A mostra, \u00fanica e exclusiva, apresenta uma retrospectiva abrangente da carreira de Moraes Moreira, destacando sua versatilidade como compositor, suas parcerias musicais, suas incurs\u00f5es na literatura e suas ra\u00edzes profundamente conectadas \u00e0 Bahia. A exposi\u00e7\u00e3o explora a diversidade musical do Brasil com can\u00e7\u00f5es do artista, reconhecido por mesclar ritmos como frevo, bai\u00e3o, rock, samba, choro e m\u00fasica erudita em suas composi\u00e7\u00f5es. Al\u00e9m disso, s\u00e3o evidenciadas suas colabora\u00e7\u00f5es musicais com seu filho Davi Moraes, assim como suas incurs\u00f5es no campo da literatura como cordelista e cronista de hist\u00f3rias da Bahia.<\/p>\n\n\n\n<p>Moraes Moreira, importante representante da m\u00fasica regional, foi um verdadeiro \u00edcone da cultura brasileira, com uma carreira que abrangeu diversas formas de express\u00e3o art\u00edstica. Al\u00e9m de cantor, compositor e m\u00fasico, ele tamb\u00e9m foi um agitador cultural, escritor, cantador e poeta. Sua produ\u00e7\u00e3o art\u00edstica foi intensa e significativa at\u00e9 sua partida em 13 de abril de 2020.<\/p>\n","protected":false},"excerpt":{"rendered":"<p>Estreia nesta ter\u00e7a-feira (8), no Museu de Arte da Bahia (MAB), a exposi\u00e7\u00e3o Mancha de Dend\u00ea n\u00e3o sai \u2013 Moraes Moreira, uma iniciativa in\u00e9dita que tem como objetivo proporcionar aos visitantes uma imers\u00e3o sensorial na hist\u00f3ria da m\u00fasica popular e da cultura brasileira por meio da vida e obra de um dos artistas mais relevantes [&hellip;]<\/p>\n","protected":false},"author":2,"featured_media":2636,"comment_status":"open","ping_status":"open","sticky":false,"template":"","format":"standard","meta":{"jnews-multi-image_gallery":[],"jnews_single_post":{"subtitle":"","format":"standard","video":"","gallery":"","source_name":"","source_url":"","via_name":"","via_url":"","override_template":"0","override":[{"template":"1","single_blog_custom":"","parallax":"1","fullscreen":"1","layout":"right-sidebar","sidebar":"default-sidebar","second_sidebar":"default-sidebar","sticky_sidebar":"1","share_position":"top","share_float_style":"share-monocrhome","show_share_counter":"0","show_view_counter":"0","show_featured":"1","show_post_meta":"1","show_post_author":"0","show_post_author_image":"1","show_post_date":"1","post_date_format":"default","post_date_format_custom":"Y\/m\/d","show_post_category":"1","show_post_reading_time":"0","post_reading_time_wpm":"300","show_zoom_button":"0","zoom_button_out_step":"2","zoom_button_in_step":"3","show_post_tag":"1","show_prev_next_post":"1","show_popup_post":"1","number_popup_post":"1","show_author_box":"0","show_post_related":"0","show_inline_post_related":"0"}],"override_image_size":"0","image_override":[{"single_post_thumbnail_size":"no-crop","single_post_gallery_size":"crop-715"}],"trending_post":"0","trending_post_position":"meta","trending_post_label":"Trending","sponsored_post":"0","sponsored_post_label":"Sponsored by","sponsored_post_name":"","sponsored_post_url":"","sponsored_post_logo_enable":"0","sponsored_post_logo":"","sponsored_post_desc":"","disable_ad":"0"},"jnews_primary_category":{"id":"","hide":""},"footnotes":""},"categories":[96,85],"tags":[],"class_list":["post-2635","post","type-post","status-publish","format-standard","has-post-thumbnail","hentry","category-cultura","category-noticias"],"_links":{"self":[{"href":"https:\/\/cbxonline.com.br\/index.php\/wp-json\/wp\/v2\/posts\/2635","targetHints":{"allow":["GET"]}}],"collection":[{"href":"https:\/\/cbxonline.com.br\/index.php\/wp-json\/wp\/v2\/posts"}],"about":[{"href":"https:\/\/cbxonline.com.br\/index.php\/wp-json\/wp\/v2\/types\/post"}],"author":[{"embeddable":true,"href":"https:\/\/cbxonline.com.br\/index.php\/wp-json\/wp\/v2\/users\/2"}],"replies":[{"embeddable":true,"href":"https:\/\/cbxonline.com.br\/index.php\/wp-json\/wp\/v2\/comments?post=2635"}],"version-history":[{"count":0,"href":"https:\/\/cbxonline.com.br\/index.php\/wp-json\/wp\/v2\/posts\/2635\/revisions"}],"wp:featuredmedia":[{"embeddable":true,"href":"https:\/\/cbxonline.com.br\/index.php\/wp-json\/wp\/v2\/media\/2636"}],"wp:attachment":[{"href":"https:\/\/cbxonline.com.br\/index.php\/wp-json\/wp\/v2\/media?parent=2635"}],"wp:term":[{"taxonomy":"category","embeddable":true,"href":"https:\/\/cbxonline.com.br\/index.php\/wp-json\/wp\/v2\/categories?post=2635"},{"taxonomy":"post_tag","embeddable":true,"href":"https:\/\/cbxonline.com.br\/index.php\/wp-json\/wp\/v2\/tags?post=2635"}],"curies":[{"name":"wp","href":"https:\/\/api.w.org\/{rel}","templated":true}]}}