{"id":2476,"date":"2023-08-03T11:42:39","date_gmt":"2023-08-03T14:42:39","guid":{"rendered":"https:\/\/cbxonline.com.br\/?p=2476"},"modified":"2023-08-03T11:42:43","modified_gmt":"2023-08-03T14:42:43","slug":"falta-de-espaco-pode-ser-obstaculo-para-prefeitura-de-salvador-tirar-teatro-municipal-do-papel-entenda","status":"publish","type":"post","link":"https:\/\/cbxonline.com.br\/index.php\/2023\/08\/03\/falta-de-espaco-pode-ser-obstaculo-para-prefeitura-de-salvador-tirar-teatro-municipal-do-papel-entenda\/","title":{"rendered":"&#8220;Falta&#8221; de espa\u00e7o pode ser obst\u00e1culo para prefeitura de Salvador tirar teatro municipal do papel; entenda"},"content":{"rendered":"\n<p>A prefeitura de Salvador n\u00e3o esconde o desejo de construir um teatro municipal e tem estudado a viabilidade para tirar a ideia do papel. Bruno Reis e sua equipe, contudo, enfrentam dificuldade ao analisar os locais que poderiam abrigar o equipamento cultural. Durante o processo, alguns locais foram colocados em pauta de discuss\u00e3o e j\u00e1 descartados, a exemplo dos antigos Cine-Teatro Jandaia e Cine Pax, localizados na Baixa dos Sapateiros. Os dois im\u00f3veis est\u00e3o localizados na Avenida Jos\u00e9 Joaquim Seabra&nbsp;e poucos metros os separam.<\/p>\n\n\n\n<p>Em rela\u00e7\u00e3o ao terceiro fator, a Av. J.J. Seabra possui apenas duas faixas &#8211; inclusive com trecho de m\u00e3o e contram\u00e3o &#8211; no meio do tradicional com\u00e9rcio da Baixa dos Sapateiros e \u00e9 considerada &#8220;estreita&#8221;. Isso porque a ideia da gest\u00e3o municipal \u00e9 fazer um teatro com tamanho equivalente ao Castro Alves (TCA), localizado no Campo Grande, e que no in\u00edcio do ano teve parte de sua estrutura atingida por um inc\u00eandio.<\/p>\n\n\n\n<p>No caso do Cine Jandaia, h\u00e1 a expectativa para a recupera\u00e7\u00e3o do espa\u00e7o por parte do governo do Estado. Em maio, o Bahia Not\u00edcias&nbsp;mostrou que o Instituto do Patrim\u00f4nio Art\u00edstico e Cultural da Bahia (IPAC) tem realizado estudos&nbsp;para a interven\u00e7\u00e3o no im\u00f3vel, erguido em art-d\u00e9co e art nouveau na primeira d\u00e9cada do s\u00e9culo passado. Segundo Luciana Mandelli, diretora geral do IPAC, a obra est\u00e1 dentro do plano do governo Jer\u00f4nimo Rodrigues (PT), mas n\u00e3o houve detalhamento do prov\u00e1vel uso da estrutura ou est\u00e1gio do estudo.<\/p>\n","protected":false},"excerpt":{"rendered":"<p>A prefeitura de Salvador n\u00e3o esconde o desejo de construir um teatro municipal e tem estudado a viabilidade para tirar a ideia do papel. Bruno Reis e sua equipe, contudo, enfrentam dificuldade ao analisar os locais que poderiam abrigar o equipamento cultural. Durante o processo, alguns locais foram colocados em pauta de discuss\u00e3o e j\u00e1 [&hellip;]<\/p>\n","protected":false},"author":2,"featured_media":2477,"comment_status":"open","ping_status":"open","sticky":false,"template":"","format":"standard","meta":{"jnews-multi-image_gallery":[],"jnews_single_post":{"subtitle":"","format":"standard","video":"","gallery":"","source_name":"","source_url":"","via_name":"","via_url":"","override_template":"0","override":[{"template":"1","single_blog_custom":"","parallax":"1","fullscreen":"1","layout":"right-sidebar","sidebar":"default-sidebar","second_sidebar":"default-sidebar","sticky_sidebar":"1","share_position":"top","share_float_style":"share-monocrhome","show_share_counter":"0","show_view_counter":"0","show_featured":"1","show_post_meta":"1","show_post_author":"0","show_post_author_image":"1","show_post_date":"1","post_date_format":"default","post_date_format_custom":"Y\/m\/d","show_post_category":"1","show_post_reading_time":"0","post_reading_time_wpm":"300","show_zoom_button":"0","zoom_button_out_step":"2","zoom_button_in_step":"3","show_post_tag":"1","show_prev_next_post":"1","show_popup_post":"1","number_popup_post":"1","show_author_box":"0","show_post_related":"0","show_inline_post_related":"0"}],"override_image_size":"0","image_override":[{"single_post_thumbnail_size":"no-crop","single_post_gallery_size":"crop-715"}],"trending_post":"0","trending_post_position":"meta","trending_post_label":"Trending","sponsored_post":"0","sponsored_post_label":"Sponsored by","sponsored_post_name":"","sponsored_post_url":"","sponsored_post_logo_enable":"0","sponsored_post_logo":"","sponsored_post_desc":"","disable_ad":"0"},"jnews_primary_category":{"id":"","hide":""},"footnotes":""},"categories":[90,85],"tags":[],"class_list":["post-2476","post","type-post","status-publish","format-standard","has-post-thumbnail","hentry","category-bahia","category-noticias"],"_links":{"self":[{"href":"https:\/\/cbxonline.com.br\/index.php\/wp-json\/wp\/v2\/posts\/2476","targetHints":{"allow":["GET"]}}],"collection":[{"href":"https:\/\/cbxonline.com.br\/index.php\/wp-json\/wp\/v2\/posts"}],"about":[{"href":"https:\/\/cbxonline.com.br\/index.php\/wp-json\/wp\/v2\/types\/post"}],"author":[{"embeddable":true,"href":"https:\/\/cbxonline.com.br\/index.php\/wp-json\/wp\/v2\/users\/2"}],"replies":[{"embeddable":true,"href":"https:\/\/cbxonline.com.br\/index.php\/wp-json\/wp\/v2\/comments?post=2476"}],"version-history":[{"count":0,"href":"https:\/\/cbxonline.com.br\/index.php\/wp-json\/wp\/v2\/posts\/2476\/revisions"}],"wp:featuredmedia":[{"embeddable":true,"href":"https:\/\/cbxonline.com.br\/index.php\/wp-json\/wp\/v2\/media\/2477"}],"wp:attachment":[{"href":"https:\/\/cbxonline.com.br\/index.php\/wp-json\/wp\/v2\/media?parent=2476"}],"wp:term":[{"taxonomy":"category","embeddable":true,"href":"https:\/\/cbxonline.com.br\/index.php\/wp-json\/wp\/v2\/categories?post=2476"},{"taxonomy":"post_tag","embeddable":true,"href":"https:\/\/cbxonline.com.br\/index.php\/wp-json\/wp\/v2\/tags?post=2476"}],"curies":[{"name":"wp","href":"https:\/\/api.w.org\/{rel}","templated":true}]}}