{"id":2385,"date":"2023-08-02T15:14:44","date_gmt":"2023-08-02T18:14:44","guid":{"rendered":"https:\/\/cbxonline.com.br\/?p=2385"},"modified":"2023-08-02T15:14:46","modified_gmt":"2023-08-02T18:14:46","slug":"mulher-de-26-anos-e-morta-a-golpes-de-marreta-em-feira-de-santana-companheiro-da-vitima-foi-preso-apos-confessar-crime","status":"publish","type":"post","link":"https:\/\/cbxonline.com.br\/index.php\/2023\/08\/02\/mulher-de-26-anos-e-morta-a-golpes-de-marreta-em-feira-de-santana-companheiro-da-vitima-foi-preso-apos-confessar-crime\/","title":{"rendered":"Mulher de 26 anos \u00e9 morta a golpes de marreta em Feira de Santana; companheiro da v\u00edtima foi preso ap\u00f3s confessar crime"},"content":{"rendered":"\n<p>Uma mulher de 26 anos foi morta a golpes de marreta na madrugada desta quarta-feira (2), na casa em que morava, na zona rural de&nbsp;Feira de Santana, a 100 km de Salvador. Segundo o delegado Fabr\u00edcio Linard, o companheiro da v\u00edtima foi preso ap\u00f3s confessar o crime.<\/p>\n\n\n\n<p>De acordo com o delegado, o crime aconteceu por volta das 0h, no povoado Candeal II, que fica no distrito de Matinha. A v\u00edtima foi identificada como Daiane Concei\u00e7\u00e3o de Jesus Freitas, que trabalhava como dom\u00e9stica.<\/p>\n\n\n\n<p>O suspeito falou que agrediu mulher ap\u00f3s ter tomado tapa no rosto durante a discuss\u00e3o. O delegado informou que a posi\u00e7\u00e3o do corpo da v\u00edtima apontou que ela dormia quando foi atingida. O filho dela, de 7 anos, presenciou o crime.<\/p>\n\n\n\n<p>Fabr\u00edcio Linard informou que Daiane Freitas tinha um relacionamento com o suspeito, de 22 anos. O casal morava junto a cerca de 1 ano, mas n\u00e3o era casado.<\/p>\n\n\n\n<p>Quando a Pol\u00edcia Militar chegou no im\u00f3vel do casal, encontrou o corpo de Daiane Freitas em cima da cama, no quarto. O suspeito tamb\u00e9m estava no local e confessou o crime.<\/p>\n\n\n\n<p>O suspeito, que trabalhava como ajudante de pedreiro, foi levado para o Complexo de Delegacias, que fica no bairro do Sobradinho. O caso dever\u00e1 ser investigado pela Delegacia de Homic\u00eddios (DH).<\/p>\n","protected":false},"excerpt":{"rendered":"<p>Uma mulher de 26 anos foi morta a golpes de marreta na madrugada desta quarta-feira (2), na casa em que morava, na zona rural de&nbsp;Feira de Santana, a 100 km de Salvador. Segundo o delegado Fabr\u00edcio Linard, o companheiro da v\u00edtima foi preso ap\u00f3s confessar o crime. De acordo com o delegado, o crime aconteceu [&hellip;]<\/p>\n","protected":false},"author":2,"featured_media":2386,"comment_status":"open","ping_status":"open","sticky":false,"template":"","format":"standard","meta":{"jnews-multi-image_gallery":[],"jnews_single_post":{"subtitle":"","format":"standard","video":"","gallery":"","source_name":"","source_url":"","via_name":"","via_url":"","override_template":"0","override":[{"template":"1","single_blog_custom":"","parallax":"1","fullscreen":"1","layout":"right-sidebar","sidebar":"default-sidebar","second_sidebar":"default-sidebar","sticky_sidebar":"1","share_position":"top","share_float_style":"share-monocrhome","show_share_counter":"0","show_view_counter":"0","show_featured":"1","show_post_meta":"1","show_post_author":"0","show_post_author_image":"1","show_post_date":"1","post_date_format":"default","post_date_format_custom":"Y\/m\/d","show_post_category":"1","show_post_reading_time":"0","post_reading_time_wpm":"300","show_zoom_button":"0","zoom_button_out_step":"2","zoom_button_in_step":"3","show_post_tag":"1","show_prev_next_post":"1","show_popup_post":"1","number_popup_post":"1","show_author_box":"0","show_post_related":"0","show_inline_post_related":"0"}],"override_image_size":"0","image_override":[{"single_post_thumbnail_size":"no-crop","single_post_gallery_size":"crop-715"}],"trending_post":"0","trending_post_position":"meta","trending_post_label":"Trending","sponsored_post":"0","sponsored_post_label":"Sponsored by","sponsored_post_name":"","sponsored_post_url":"","sponsored_post_logo_enable":"0","sponsored_post_logo":"","sponsored_post_desc":"","disable_ad":"0"},"jnews_primary_category":{"id":"","hide":""},"footnotes":""},"categories":[85,83],"tags":[],"class_list":["post-2385","post","type-post","status-publish","format-standard","has-post-thumbnail","hentry","category-noticias","category-seguranca"],"_links":{"self":[{"href":"https:\/\/cbxonline.com.br\/index.php\/wp-json\/wp\/v2\/posts\/2385","targetHints":{"allow":["GET"]}}],"collection":[{"href":"https:\/\/cbxonline.com.br\/index.php\/wp-json\/wp\/v2\/posts"}],"about":[{"href":"https:\/\/cbxonline.com.br\/index.php\/wp-json\/wp\/v2\/types\/post"}],"author":[{"embeddable":true,"href":"https:\/\/cbxonline.com.br\/index.php\/wp-json\/wp\/v2\/users\/2"}],"replies":[{"embeddable":true,"href":"https:\/\/cbxonline.com.br\/index.php\/wp-json\/wp\/v2\/comments?post=2385"}],"version-history":[{"count":0,"href":"https:\/\/cbxonline.com.br\/index.php\/wp-json\/wp\/v2\/posts\/2385\/revisions"}],"wp:featuredmedia":[{"embeddable":true,"href":"https:\/\/cbxonline.com.br\/index.php\/wp-json\/wp\/v2\/media\/2386"}],"wp:attachment":[{"href":"https:\/\/cbxonline.com.br\/index.php\/wp-json\/wp\/v2\/media?parent=2385"}],"wp:term":[{"taxonomy":"category","embeddable":true,"href":"https:\/\/cbxonline.com.br\/index.php\/wp-json\/wp\/v2\/categories?post=2385"},{"taxonomy":"post_tag","embeddable":true,"href":"https:\/\/cbxonline.com.br\/index.php\/wp-json\/wp\/v2\/tags?post=2385"}],"curies":[{"name":"wp","href":"https:\/\/api.w.org\/{rel}","templated":true}]}}