{"id":1945,"date":"2023-07-31T14:15:35","date_gmt":"2023-07-31T17:15:35","guid":{"rendered":"https:\/\/salvadoracontece.com.br\/?p=1945"},"modified":"2023-07-31T14:15:35","modified_gmt":"2023-07-31T17:15:35","slug":"inmet-preve-chuvas-em-todo-o-pais-em-agosto","status":"publish","type":"post","link":"https:\/\/cbxonline.com.br\/index.php\/2023\/07\/31\/inmet-preve-chuvas-em-todo-o-pais-em-agosto\/","title":{"rendered":"Inmet prev\u00ea chuvas em todo o pa\u00eds em agosto"},"content":{"rendered":"\n<p>O m\u00eas de agosto dever registrar volume de chuva &#8220;pr\u00f3ximo ou ligeiramente abaixo&#8221; da m\u00e9dia hist\u00f3rica nas regi\u00f5es Norte, Nordeste, Centro-Oeste e Sudeste. Na Regi\u00e3o Sul, o volume fica pr\u00f3ximo ou acima da m\u00e9dia no leste do estado e abaixo da m\u00e9dia no noroeste e oeste do Paran\u00e1. A previs\u00e3o \u00e9 do Instituto Nacional de Meteorologia (Inmet).<\/p>\n\n\n\n<p>Na regi\u00e3o Norte, deve chover menos de 100 mil\u00edmetros (mm) no noroeste do estado. O mesmo volume deve ocorrer na costa leste do Nordeste. Em \u00e1reas do Par\u00e1 e Amap\u00e1, a chuva pode ficar \u201cligeiramente acima da m\u00e9dia\u201d, podendo ultrapassar 60 mm.<\/p>\n\n\n\n<p>No oeste da Regi\u00e3o Nordeste, \u201co tempo \u00e9 seco nesta \u00e9poca do ano, portanto, a previs\u00e3o \u00e9 de volume inferior a 20 mm ou nenhuma chuva em algumas localidades\u201d. O per\u00edodo costuma apresentar redu\u00e7\u00e3o de chuvas na regi\u00e3o central do pa\u00eds, bem como diminui\u00e7\u00e3o da umidade relativa do ar e eleva\u00e7\u00e3o das temperaturas m\u00e1ximas.<\/p>\n\n\n\n<p>N\u00e3o est\u00e3o descartadas chuvas localizadas no litoral da Regi\u00e3o Sudeste, em fun\u00e7\u00e3o da passagem de frentes frias pelo oceano, o que, segundo o Inmet, pode provocar instabilidades.<\/p>\n\n\n\n<p><\/p>\n","protected":false},"excerpt":{"rendered":"<p>O m\u00eas de agosto dever registrar volume de chuva &#8220;pr\u00f3ximo ou ligeiramente abaixo&#8221; da m\u00e9dia hist\u00f3rica nas regi\u00f5es Norte, Nordeste, Centro-Oeste e Sudeste. Na Regi\u00e3o Sul, o volume fica pr\u00f3ximo ou acima da m\u00e9dia no leste do estado e abaixo da m\u00e9dia no noroeste e oeste do Paran\u00e1. A previs\u00e3o \u00e9 do Instituto Nacional de [&hellip;]<\/p>\n","protected":false},"author":1,"featured_media":1946,"comment_status":"open","ping_status":"open","sticky":false,"template":"","format":"standard","meta":{"jnews-multi-image_gallery":[],"jnews_single_post":{"subtitle":"","format":"standard","video":"","gallery":"","source_name":"","source_url":"","via_name":"","via_url":"","override_template":"0","override":[{"template":"1","single_blog_custom":"","parallax":"1","fullscreen":"1","layout":"right-sidebar","sidebar":"default-sidebar","second_sidebar":"default-sidebar","sticky_sidebar":"1","share_position":"top","share_float_style":"share-monocrhome","show_share_counter":"0","show_view_counter":"0","show_featured":"1","show_post_meta":"1","show_post_author":"0","show_post_author_image":"1","show_post_date":"1","post_date_format":"default","post_date_format_custom":"Y\/m\/d","show_post_category":"1","show_post_reading_time":"0","post_reading_time_wpm":"300","show_zoom_button":"0","zoom_button_out_step":"2","zoom_button_in_step":"3","show_post_tag":"1","show_prev_next_post":"1","show_popup_post":"1","number_popup_post":"1","show_author_box":"0","show_post_related":"0","show_inline_post_related":"0"}],"override_image_size":"0","image_override":[{"single_post_thumbnail_size":"no-crop","single_post_gallery_size":"crop-715"}],"trending_post":"0","trending_post_position":"meta","trending_post_label":"Trending","sponsored_post":"0","sponsored_post_label":"Sponsored by","sponsored_post_name":"","sponsored_post_url":"","sponsored_post_logo_enable":"0","sponsored_post_logo":"","sponsored_post_desc":"","disable_ad":"0"},"jnews_primary_category":{"id":"","hide":""},"footnotes":""},"categories":[85,97],"tags":[],"class_list":["post-1945","post","type-post","status-publish","format-standard","has-post-thumbnail","hentry","category-noticias","category-previsao"],"_links":{"self":[{"href":"https:\/\/cbxonline.com.br\/index.php\/wp-json\/wp\/v2\/posts\/1945","targetHints":{"allow":["GET"]}}],"collection":[{"href":"https:\/\/cbxonline.com.br\/index.php\/wp-json\/wp\/v2\/posts"}],"about":[{"href":"https:\/\/cbxonline.com.br\/index.php\/wp-json\/wp\/v2\/types\/post"}],"author":[{"embeddable":true,"href":"https:\/\/cbxonline.com.br\/index.php\/wp-json\/wp\/v2\/users\/1"}],"replies":[{"embeddable":true,"href":"https:\/\/cbxonline.com.br\/index.php\/wp-json\/wp\/v2\/comments?post=1945"}],"version-history":[{"count":0,"href":"https:\/\/cbxonline.com.br\/index.php\/wp-json\/wp\/v2\/posts\/1945\/revisions"}],"wp:featuredmedia":[{"embeddable":true,"href":"https:\/\/cbxonline.com.br\/index.php\/wp-json\/wp\/v2\/media\/1946"}],"wp:attachment":[{"href":"https:\/\/cbxonline.com.br\/index.php\/wp-json\/wp\/v2\/media?parent=1945"}],"wp:term":[{"taxonomy":"category","embeddable":true,"href":"https:\/\/cbxonline.com.br\/index.php\/wp-json\/wp\/v2\/categories?post=1945"},{"taxonomy":"post_tag","embeddable":true,"href":"https:\/\/cbxonline.com.br\/index.php\/wp-json\/wp\/v2\/tags?post=1945"}],"curies":[{"name":"wp","href":"https:\/\/api.w.org\/{rel}","templated":true}]}}