{"id":1901,"date":"2023-07-31T13:34:30","date_gmt":"2023-07-31T16:34:30","guid":{"rendered":"https:\/\/salvadoracontece.com.br\/?p=1901"},"modified":"2023-07-31T13:34:30","modified_gmt":"2023-07-31T16:34:30","slug":"salvador-inicia-campanha-de-vacinacao-antirrabica-animal-nesta-segunda","status":"publish","type":"post","link":"https:\/\/cbxonline.com.br\/index.php\/2023\/07\/31\/salvador-inicia-campanha-de-vacinacao-antirrabica-animal-nesta-segunda\/","title":{"rendered":"Salvador inicia campanha de vacina\u00e7\u00e3o antirr\u00e1bica animal nesta segunda"},"content":{"rendered":"\n<p>A campanha de vacina\u00e7\u00e3o antirr\u00e1bica animal ser\u00e1 iniciada nesta segunda-feira (31), em Salvador, com o tema &#8220;Proteja seu Amiguinho Com Uma Dose de Amor&#8221;. O pontap\u00e9 inicial da estrat\u00e9gia acontecer\u00e1 \u00e0s 8h, na pra\u00e7a Conjunto Senhor do Bonfim, em Plataforma, no Sub\u00farbio Ferrovi\u00e1rio, e contar\u00e1 com a presen\u00e7a da vice-prefeita e secret\u00e1ria Ana Paula Matos.<\/p>\n\n\n\n<p>Realizada pela Secretaria Municipal da Sa\u00fade (SMS), a campanha contar\u00e1 com mais de 90 pontos de vacina\u00e7\u00e3o por toda a cidade e visa proteger c\u00e3es e gatos contra a raiva. A meta \u00e9 imunizar 249 mil animais, a partir dos tr\u00eas meses de idade, exceto os que estiverem doentes.<\/p>\n\n\n\n<p>A lista dos locais pode ser conferida no Instagram @smssalvador ou no site saude.salvador.ba.gov.br. Por esses meios tamb\u00e9m \u00e9 poss\u00edvel conferir os postos de sa\u00fade habilitados at\u00e9 o final da campanha, sempre de segunda \u00e0 sexta-feira, das 08h \u00e0s 14h.<\/p>\n","protected":false},"excerpt":{"rendered":"<p>A campanha de vacina\u00e7\u00e3o antirr\u00e1bica animal ser\u00e1 iniciada nesta segunda-feira (31), em Salvador, com o tema &#8220;Proteja seu Amiguinho Com Uma Dose de Amor&#8221;. O pontap\u00e9 inicial da estrat\u00e9gia acontecer\u00e1 \u00e0s 8h, na pra\u00e7a Conjunto Senhor do Bonfim, em Plataforma, no Sub\u00farbio Ferrovi\u00e1rio, e contar\u00e1 com a presen\u00e7a da vice-prefeita e secret\u00e1ria Ana Paula Matos. [&hellip;]<\/p>\n","protected":false},"author":1,"featured_media":1902,"comment_status":"open","ping_status":"open","sticky":false,"template":"","format":"standard","meta":{"jnews-multi-image_gallery":[],"jnews_single_post":{"subtitle":"","format":"standard","video":"","gallery":"","source_name":"","source_url":"","via_name":"","via_url":"","override_template":"0","override":[{"template":"1","single_blog_custom":"","parallax":"1","fullscreen":"1","layout":"right-sidebar","sidebar":"default-sidebar","second_sidebar":"default-sidebar","sticky_sidebar":"1","share_position":"top","share_float_style":"share-monocrhome","show_share_counter":"0","show_view_counter":"0","show_featured":"1","show_post_meta":"1","show_post_author":"0","show_post_author_image":"1","show_post_date":"1","post_date_format":"default","post_date_format_custom":"Y\/m\/d","show_post_category":"1","show_post_reading_time":"0","post_reading_time_wpm":"300","show_zoom_button":"0","zoom_button_out_step":"2","zoom_button_in_step":"3","show_post_tag":"1","show_prev_next_post":"1","show_popup_post":"1","number_popup_post":"1","show_author_box":"0","show_post_related":"0","show_inline_post_related":"0"}],"override_image_size":"0","image_override":[{"single_post_thumbnail_size":"crop-500","single_post_gallery_size":"crop-500"}],"trending_post":"0","trending_post_position":"meta","trending_post_label":"Trending","sponsored_post":"0","sponsored_post_label":"Sponsored by","sponsored_post_name":"","sponsored_post_url":"","sponsored_post_logo_enable":"0","sponsored_post_logo":"","sponsored_post_desc":"","disable_ad":"0"},"jnews_primary_category":{"id":"","hide":""},"footnotes":""},"categories":[87,85],"tags":[],"class_list":["post-1901","post","type-post","status-publish","format-standard","has-post-thumbnail","hentry","category-animais","category-noticias"],"_links":{"self":[{"href":"https:\/\/cbxonline.com.br\/index.php\/wp-json\/wp\/v2\/posts\/1901","targetHints":{"allow":["GET"]}}],"collection":[{"href":"https:\/\/cbxonline.com.br\/index.php\/wp-json\/wp\/v2\/posts"}],"about":[{"href":"https:\/\/cbxonline.com.br\/index.php\/wp-json\/wp\/v2\/types\/post"}],"author":[{"embeddable":true,"href":"https:\/\/cbxonline.com.br\/index.php\/wp-json\/wp\/v2\/users\/1"}],"replies":[{"embeddable":true,"href":"https:\/\/cbxonline.com.br\/index.php\/wp-json\/wp\/v2\/comments?post=1901"}],"version-history":[{"count":0,"href":"https:\/\/cbxonline.com.br\/index.php\/wp-json\/wp\/v2\/posts\/1901\/revisions"}],"wp:featuredmedia":[{"embeddable":true,"href":"https:\/\/cbxonline.com.br\/index.php\/wp-json\/wp\/v2\/media\/1902"}],"wp:attachment":[{"href":"https:\/\/cbxonline.com.br\/index.php\/wp-json\/wp\/v2\/media?parent=1901"}],"wp:term":[{"taxonomy":"category","embeddable":true,"href":"https:\/\/cbxonline.com.br\/index.php\/wp-json\/wp\/v2\/categories?post=1901"},{"taxonomy":"post_tag","embeddable":true,"href":"https:\/\/cbxonline.com.br\/index.php\/wp-json\/wp\/v2\/tags?post=1901"}],"curies":[{"name":"wp","href":"https:\/\/api.w.org\/{rel}","templated":true}]}}