{"id":16355,"date":"2026-09-02T14:52:14","date_gmt":"2026-09-02T17:52:14","guid":{"rendered":"https:\/\/cbxonline.com.br\/?p=16355"},"modified":"2026-09-02T14:52:16","modified_gmt":"2026-09-02T17:52:16","slug":"salvador-tem-seis-bairros-sem-energia-nesta-quarta-veja-trechos","status":"publish","type":"post","link":"https:\/\/cbxonline.com.br\/index.php\/2026\/09\/02\/salvador-tem-seis-bairros-sem-energia-nesta-quarta-veja-trechos\/","title":{"rendered":"Salvador tem seis bairros sem energia nesta quarta; veja trechos"},"content":{"rendered":"<p>Alguns trechos de\u00a0Salvador\u00a0seguem enfrentando a suspens\u00e3o programada no fornecimento de energia nesta quarta-feira, 2. No total, ser\u00e3o seis bairros afetados entre 9h e 16h.<\/p>\n<p>Nesta fase, entram na lista Brotas, Caminho das \u00c1rvores, Imbu\u00ed, Palestina, Horto Florestal e Rio Vermelho.<\/p>\n<p>Segundo a empresa, suspens\u00f5es programadas ocorrem para a manuten\u00e7\u00e3o e refor\u00e7o na rede el\u00e9trica e s\u00e3o sempre avisadas com anteced\u00eancia.<\/p>\n<h2>Confira trechos afetados:<\/h2>\n<h3>Brotas<\/h3>\n<ul>\n<li>Endere\u00e7o: Rua Miguel Gustavo, 196.<\/li>\n<li>Hor\u00e1rio: 9h30 \u00e0s 15h30<\/li>\n<li>Endere\u00e7o: Rua do Cedro, 182.<\/li>\n<li>Hor\u00e1rio: 10h \u00e0s 16h<\/li>\n<\/ul>\n<h3>Caminho das \u00c1rvores<\/h3>\n<ul>\n<li>Endere\u00e7os: Avenida Tancredo Neves, 2227.<\/li>\n<li>Hor\u00e1rio: 9h30 \u00e0s 15h30<\/li>\n<\/ul>\n<h3>Imbu\u00ed<\/h3>\n<ul>\n<li>Endere\u00e7os: Rua Jo\u00e3o Jos\u00e9 Rescala, 62. Rua do Rouxinol, 156. Rua dos Colibris, 79.<\/li>\n<li>Hor\u00e1rio: 9h30 \u00e0s 15h30<\/li>\n<\/ul>\n<h3>Palestina<\/h3>\n<ol>\n<li>Endere\u00e7os: Rua Bico Doce, 25, 1 e 32.<\/li>\n<li>Hor\u00e1rio: 9h30 \u00e0s 15h30<\/li>\n<\/ol>\n<h3>Horto Florestal<\/h3>\n<ul>\n<li>Endere\u00e7os: Travessa Filinto Borja, 146, 73, 53, 68 e 422. Rua do Cedro, 1971.<\/li>\n<li>Hor\u00e1rio: 10 \u00e0s 16h<\/li>\n<\/ul>\n<h3>Rio Vermelho<\/h3>\n<ul>\n<li>Endere\u00e7o: Rua Odilon Santos, 14.<\/li>\n<li>Hor\u00e1rio: 10h \u00e0s 16h<\/li>\n<\/ul>\n","protected":false},"excerpt":{"rendered":"<p>Alguns trechos de\u00a0Salvador\u00a0seguem enfrentando a suspens\u00e3o programada no fornecimento de energia nesta quarta-feira, 2. No total, ser\u00e3o seis bairros afetados entre 9h e 16h. Nesta fase, entram na lista Brotas, Caminho das \u00c1rvores, Imbu\u00ed, Palestina, Horto Florestal e Rio Vermelho. Segundo a empresa, suspens\u00f5es programadas ocorrem para a manuten\u00e7\u00e3o e refor\u00e7o na rede el\u00e9trica e [&hellip;]<\/p>\n","protected":false},"author":1,"featured_media":16357,"comment_status":"open","ping_status":"closed","sticky":false,"template":"","format":"standard","meta":{"jnews-multi-image_gallery":[],"jnews_single_post":[],"jnews_primary_category":[],"footnotes":""},"categories":[316],"tags":[],"class_list":["post-16355","post","type-post","status-publish","format-standard","has-post-thumbnail","hentry","category-neoenergia"],"_links":{"self":[{"href":"https:\/\/cbxonline.com.br\/index.php\/wp-json\/wp\/v2\/posts\/16355","targetHints":{"allow":["GET"]}}],"collection":[{"href":"https:\/\/cbxonline.com.br\/index.php\/wp-json\/wp\/v2\/posts"}],"about":[{"href":"https:\/\/cbxonline.com.br\/index.php\/wp-json\/wp\/v2\/types\/post"}],"author":[{"embeddable":true,"href":"https:\/\/cbxonline.com.br\/index.php\/wp-json\/wp\/v2\/users\/1"}],"replies":[{"embeddable":true,"href":"https:\/\/cbxonline.com.br\/index.php\/wp-json\/wp\/v2\/comments?post=16355"}],"version-history":[{"count":1,"href":"https:\/\/cbxonline.com.br\/index.php\/wp-json\/wp\/v2\/posts\/16355\/revisions"}],"predecessor-version":[{"id":16356,"href":"https:\/\/cbxonline.com.br\/index.php\/wp-json\/wp\/v2\/posts\/16355\/revisions\/16356"}],"wp:featuredmedia":[{"embeddable":true,"href":"https:\/\/cbxonline.com.br\/index.php\/wp-json\/wp\/v2\/media\/16357"}],"wp:attachment":[{"href":"https:\/\/cbxonline.com.br\/index.php\/wp-json\/wp\/v2\/media?parent=16355"}],"wp:term":[{"taxonomy":"category","embeddable":true,"href":"https:\/\/cbxonline.com.br\/index.php\/wp-json\/wp\/v2\/categories?post=16355"},{"taxonomy":"post_tag","embeddable":true,"href":"https:\/\/cbxonline.com.br\/index.php\/wp-json\/wp\/v2\/tags?post=16355"}],"curies":[{"name":"wp","href":"https:\/\/api.w.org\/{rel}","templated":true}]}}