{"id":16341,"date":"2026-09-03T02:00:47","date_gmt":"2026-09-03T05:00:47","guid":{"rendered":"https:\/\/cbxonline.com.br\/?p=16341"},"modified":"2026-09-01T13:17:37","modified_gmt":"2026-09-01T16:17:37","slug":"instalacao-de-boias-para-delimitar-area-de-banho-no-porto-da-barra-sera-concluida-nesta-quinta-3","status":"publish","type":"post","link":"https:\/\/cbxonline.com.br\/index.php\/2026\/09\/03\/instalacao-de-boias-para-delimitar-area-de-banho-no-porto-da-barra-sera-concluida-nesta-quinta-3\/","title":{"rendered":"Instala\u00e7\u00e3o de boias para delimitar \u00e1rea de banho no Porto da Barra ser\u00e1 conclu\u00edda nesta quinta (3)"},"content":{"rendered":"<p>O servi\u00e7o de instala\u00e7\u00e3o das boias de prote\u00e7\u00e3o, que v\u00e3o delimitar uma \u00e1rea exclusiva para banhistas no Porto da Barra, come\u00e7ou nesta ter\u00e7a-feira (1\u00ba). A previs\u00e3o da Secretaria Especial do Mar (Semar), respons\u00e1vel pela execu\u00e7\u00e3o do projeto, \u00e9 concluir a interven\u00e7\u00e3o nesta quinta (3), uma vez que o trabalho precisou ser adaptado por causa da mar\u00e9 alta. Como n\u00e3o havia condi\u00e7\u00f5es para iniciar a instala\u00e7\u00e3o das estruturas na faixa de areia, as equipes come\u00e7aram pelo mar, onde foram posicionadas as chamadas poitas \u2013 bases de concreto respons\u00e1veis por sustentar o cord\u00e3o de boias.<\/p>\n<p>Ao todo, ser\u00e3o instaladas cinco poitas: duas ficar\u00e3o na areia e outras tr\u00eas ser\u00e3o fixadas no mar. A etapa realizada em terra est\u00e1 prevista para come\u00e7ar por volta das 22h30 desta ter\u00e7a, quando a mar\u00e9 estiver completamente baixa. Nesse momento, a praia ser\u00e1 isolada e uma retroescavadeira ser\u00e1 utilizada para a execu\u00e7\u00e3o do servi\u00e7o, sem a presen\u00e7a de banhistas.<\/p>\n<p>A \u00e1rea de banho ficar\u00e1 delimitada em formato de \u201cU\u201d, a aproximadamente 90 metros da praia. A titular da Semar, Duda Lomanto, acompanhou o in\u00edcio do servi\u00e7o e explicou que a medida busca aumentar a seguran\u00e7a diante da circula\u00e7\u00e3o de embarca\u00e7\u00f5es motorizadas nas proximidades da faixa de areia.<\/p>\n<p>\u201cPrincipalmente no p\u00f4r do sol e no ver\u00e3o, temos muitos barcos, botes e motos n\u00e1uticas circulando muito perto da praia. Como o Porto da Barra tem \u00e1guas tranquilas e recebe muitas fam\u00edlias, crian\u00e7as, nadadores e praticantes de esportes, essa proximidade gera risco de acidentes\u201d, afirmou.<\/p>\n<p>Segundo Duda, a proposta \u00e9 organizar os diferentes usos do mar sem impedir as atividades n\u00e1uticas realizadas na regi\u00e3o. \u201cA ideia da Prefeitura \u00e9 fazer essa delimita\u00e7\u00e3o em formato de \u2018U\u2019, contornando a praia a cerca de 90 metros da areia. Assim, teremos espa\u00e7o para as canoas, para a pr\u00e1tica de esportes e para as motos aqu\u00e1ticas, mas tamb\u00e9m uma \u00e1rea em que os banhistas possam se sentir seguros\u201d, explicou.<\/p>\n<p>As boias ser\u00e3o interligadas por um cabo de a\u00e7o e ter\u00e3o cores de f\u00e1cil visualiza\u00e7\u00e3o. O projeto tamb\u00e9m prev\u00ea a instala\u00e7\u00e3o de c\u00e2meras de monitoramento mar\u00edtimo, com imagens transmitidas em tempo real para a Guarda Civil Municipal (GCM) e a Capitania dos Portos.<\/p>\n<p>\u201cAl\u00e9m das boias e da requalifica\u00e7\u00e3o das rampas, teremos c\u00e2meras implantadas pela Secretaria de Inova\u00e7\u00e3o e Tecnologia. As imagens ser\u00e3o transmitidas em tempo real para a Guarda Municipal e para a Capitania dos Portos, contribuindo tamb\u00e9m para a seguran\u00e7a do Parque Marinho da Barra\u201d, disse Duda.<\/p>\n<p>Vale destacar que, mesmo com a delimita\u00e7\u00e3o da \u00e1rea de banho, pequenas embarca\u00e7\u00f5es, canoas e praticantes de esportes n\u00e1uticos continuar\u00e3o tendo acesso ao mar. Um trecho espec\u00edfico ficar\u00e1 livre para permitir a entrada e sa\u00edda das embarca\u00e7\u00f5es sem interferir no espa\u00e7o reservado aos banhistas.<\/p>\n<p>Durante o in\u00edcio da instala\u00e7\u00e3o das boias, Duda tamb\u00e9m chamou a aten\u00e7\u00e3o para a necessidade de os frequentadores respeitarem a divis\u00e3o entre as rampas, justamente para reduzir o risco de acidentes.<\/p>\n","protected":false},"excerpt":{"rendered":"<p>O servi\u00e7o de instala\u00e7\u00e3o das boias de prote\u00e7\u00e3o, que v\u00e3o delimitar uma \u00e1rea exclusiva para banhistas no Porto da Barra, come\u00e7ou nesta ter\u00e7a-feira (1\u00ba). A previs\u00e3o da Secretaria Especial do Mar (Semar), respons\u00e1vel pela execu\u00e7\u00e3o do projeto, \u00e9 concluir a interven\u00e7\u00e3o nesta quinta (3), uma vez que o trabalho precisou ser adaptado por causa da [&hellip;]<\/p>\n","protected":false},"author":1,"featured_media":16343,"comment_status":"open","ping_status":"closed","sticky":false,"template":"","format":"standard","meta":{"jnews-multi-image_gallery":[],"jnews_single_post":[],"jnews_primary_category":[],"footnotes":""},"categories":[85],"tags":[],"class_list":["post-16341","post","type-post","status-publish","format-standard","has-post-thumbnail","hentry","category-noticias"],"_links":{"self":[{"href":"https:\/\/cbxonline.com.br\/index.php\/wp-json\/wp\/v2\/posts\/16341","targetHints":{"allow":["GET"]}}],"collection":[{"href":"https:\/\/cbxonline.com.br\/index.php\/wp-json\/wp\/v2\/posts"}],"about":[{"href":"https:\/\/cbxonline.com.br\/index.php\/wp-json\/wp\/v2\/types\/post"}],"author":[{"embeddable":true,"href":"https:\/\/cbxonline.com.br\/index.php\/wp-json\/wp\/v2\/users\/1"}],"replies":[{"embeddable":true,"href":"https:\/\/cbxonline.com.br\/index.php\/wp-json\/wp\/v2\/comments?post=16341"}],"version-history":[{"count":1,"href":"https:\/\/cbxonline.com.br\/index.php\/wp-json\/wp\/v2\/posts\/16341\/revisions"}],"predecessor-version":[{"id":16342,"href":"https:\/\/cbxonline.com.br\/index.php\/wp-json\/wp\/v2\/posts\/16341\/revisions\/16342"}],"wp:featuredmedia":[{"embeddable":true,"href":"https:\/\/cbxonline.com.br\/index.php\/wp-json\/wp\/v2\/media\/16343"}],"wp:attachment":[{"href":"https:\/\/cbxonline.com.br\/index.php\/wp-json\/wp\/v2\/media?parent=16341"}],"wp:term":[{"taxonomy":"category","embeddable":true,"href":"https:\/\/cbxonline.com.br\/index.php\/wp-json\/wp\/v2\/categories?post=16341"},{"taxonomy":"post_tag","embeddable":true,"href":"https:\/\/cbxonline.com.br\/index.php\/wp-json\/wp\/v2\/tags?post=16341"}],"curies":[{"name":"wp","href":"https:\/\/api.w.org\/{rel}","templated":true}]}}