{"id":16318,"date":"2026-08-31T13:46:22","date_gmt":"2026-08-31T16:46:22","guid":{"rendered":"https:\/\/cbxonline.com.br\/?p=16318"},"modified":"2026-08-31T13:46:23","modified_gmt":"2026-08-31T16:46:23","slug":"prefeitura-lanca-programa-para-recuperar-fachadas-e-estimular-retomada-economica-da-baixa-dos-sapateiros-e-barroquinha","status":"publish","type":"post","link":"https:\/\/cbxonline.com.br\/index.php\/2026\/08\/31\/prefeitura-lanca-programa-para-recuperar-fachadas-e-estimular-retomada-economica-da-baixa-dos-sapateiros-e-barroquinha\/","title":{"rendered":"Prefeitura lan\u00e7a programa para recuperar fachadas e estimular retomada econ\u00f4mica da Baixa dos Sapateiros e Barroquinha"},"content":{"rendered":"<p>O prefeito de Salvador, Bruno Reis, anunciou nesta segunda-feira (31) o programa Renova Baixa dos Sapateiros, que levar\u00e1 um pacote de a\u00e7\u00f5es para aquela regi\u00e3o do Centro Hist\u00f3rico, entre a Avenida Jos\u00e9 Joaquim Seabra e o final de linha da Barroquinha. Na pr\u00e1tica, a iniciativa abrange quatro eixos de atua\u00e7\u00e3o: a recupera\u00e7\u00e3o de cerca de 250 fachadas de edifica\u00e7\u00f5es; a concess\u00e3o de est\u00edmulos fiscais; a qualifica\u00e7\u00e3o e consultoria para empreendedores; e a realiza\u00e7\u00e3o de eventos e atividades culturais.<\/p>\n<p>\u201cN\u00f3s j\u00e1 temos o Renova Centro, que \u00e9 um programa que atende a toda a poligonal do Centro Hist\u00f3rico, mas, para esta regi\u00e3o espec\u00edfica da cidade, n\u00f3s seremos ainda mais arrojados, com mais investimentos e incentivos fiscais. Vamos oferecer consultoria aos comerciantes e empreendedores locais para tentar identificar qual \u00e9 a melhor atividade para o seu neg\u00f3cio, tentando colocar em funcionamento empresas que tenham produtos diferenciados, para atrair o cidad\u00e3o de volta \u00e0 Baixa dos Sapateiros. E vamos realizar uma s\u00e9rie de atividades culturais e de neg\u00f3cios para atrair mais pessoas para c\u00e1\u201d, explicou o prefeito.<\/p>\n<p>Na ocasi\u00e3o, o gestor assinou a ordem de servi\u00e7o para execu\u00e7\u00e3o imediata do projeto Fachadas da Mem\u00f3ria, eixo que vai promover a recupera\u00e7\u00e3o, valoriza\u00e7\u00e3o e preserva\u00e7\u00e3o das edifica\u00e7\u00f5es hist\u00f3ricas entre a J.J. Seabra e Barroquinha. Com projeto elaborado pela Funda\u00e7\u00e3o M\u00e1rio Leal Ferreira (FMLF) e execu\u00e7\u00e3o da Secretaria Municipal de Desenvolvimento Urbano (Sedur), a iniciativa ter\u00e1 investimentos de cerca de R$ 7 milh\u00f5es.<\/p>\n<p>A ideia, como destacou o prefeito, \u00e9 que estes im\u00f3veis beneficiados sejam contemplados com um pacote de incentivos fiscais para estimular a atividade econ\u00f4mica. Os est\u00edmulos abrangem isen\u00e7\u00e3o de IPTU por cinco anos, redu\u00e7\u00e3o do ISS e isen\u00e7\u00e3o total do TFF, aos moldes do que ocorre com o Renova Centro. A expectativa da gest\u00e3o municipal \u00e9 contribuir para a retomada do com\u00e9rcio em uma das \u00e1reas tradicionais de Salvador.<\/p>\n<p>Para complementar essa estrat\u00e9gia de retomada, tal qual ocorreu na Rua Chile, a Prefeitura vai oferecer servi\u00e7os de qualifica\u00e7\u00e3o e consultoria para auxiliar os empres\u00e1rios locais, al\u00e9m de buscar novos empreendedores e neg\u00f3cios com produtos e servi\u00e7os diferenciados, com o objetivo de diversificar as atividades econ\u00f4micas na Baixa dos Sapateiros e na Barroquinha.<\/p>\n<p>Por fim, a Prefeitura vai intensificar a atra\u00e7\u00e3o de eventos culturais, comerciais e de neg\u00f3cios, como conven\u00e7\u00f5es e festivais, para aumentar o fluxo de pessoas, tal qual vem ocorrendo no Pelourinho. A ideia \u00e9 movimentar equipamentos municipais da regi\u00e3o, como o Mercado de S\u00e3o Miguel, com a realiza\u00e7\u00e3o de atividades que estimulem a reocupa\u00e7\u00e3o popular.<\/p>\n<p>Fachadas da Mem\u00f3ria \u2013 A recupera\u00e7\u00e3o est\u00e9tica da frente de im\u00f3veis da Baixa dos Sapateiros e do final de linha da Barroquinha tem como fundamento reconhecer que cada fachada e detalhe arquitet\u00f4nico dessa regi\u00e3o representam diferentes cap\u00edtulos da hist\u00f3ria e, portanto, elementos fundamentais da identidade cultural de Salvador e da pr\u00f3pria Bahia.<\/p>\n<p>\u201cVimos muitas empresas e neg\u00f3cios fechando as portas na Baixa dos Sapateiros. Ent\u00e3o, pensamos: de que forma poder\u00edamos dar a nossa contribui\u00e7\u00e3o atrav\u00e9s da Sedur? Por meio desse trabalho de releitura das fachadas das edifica\u00e7\u00f5es. A partir disso, as nossas equipes foram a campo buscar informa\u00e7\u00f5es sobre os im\u00f3veis. Todos que atuam naquela regi\u00e3o est\u00e3o muito desejosos do sucesso desse projeto, porque sabem que isso pode se desdobrar em outras realidades, inclusive desdobramentos econ\u00f4micos\u201d, afirmou o secret\u00e1rio municipal de Desenvolvimento Urbano, Sosthenes Mac\u00eado.<\/p>\n<p>Sosthenes explicou que a \u00e1rea da Baixa dos Sapateiros e da Barroquinha foi definida como a primeira a receber o Fachadas da Mem\u00f3ria por conta da sua relev\u00e2ncia hist\u00f3rica e pela tradi\u00e7\u00e3o do com\u00e9rcio popular. A escolha passou tamb\u00e9m pela avalia\u00e7\u00e3o da FMLF e da Defesa Civil de Salvador (Codesal).<\/p>\n<p>\u201cA Baixa dos Sapateiros \u00e9 uma regi\u00e3o muito simb\u00f3lica para a cidade, cantada em verso e prosa. Esse \u00e9, realmente, um momento muito oportuno para resgatarmos este espa\u00e7o que, entre as d\u00e9cadas de 1970 e 1990, foi um grande polo, um grande mercado de Salvador. A ideia \u00e9 recuperar as fachadas das edifica\u00e7\u00f5es com iniciativas de desenvolvimento econ\u00f4mico, art\u00edstico e cultural, reunindo esfor\u00e7os de diferentes secretarias para movimentar a regi\u00e3o. Portanto, o programa integra uma s\u00e9rie de a\u00e7\u00f5es planejadas pela Prefeitura nos \u00faltimos anos para a retomada do Centro Hist\u00f3rico de Salvador\u201d, afirmou o titular da Sedur.<\/p>\n<p>Projeto \u2013 A elabora\u00e7\u00e3o do projeto de recupera\u00e7\u00e3o das fachadas da Baixa dos Sapateiros e da Barroquinha envolveu um trabalho minucioso, que consistiu primeiro num levantamento e na cataloga\u00e7\u00e3o dos im\u00f3veis, depois na pesquisa de informa\u00e7\u00f5es em bases de dados do Instituto do Patrim\u00f4nio Hist\u00f3rico e Art\u00edstico Nacional (Iphan) e tamb\u00e9m na bibliografia pertencente ao acervo da Biblioteca da Funda\u00e7\u00e3o M\u00e1rio Leal Ferreira. Um segundo passo foi fotografar todos os im\u00f3veis, fachada por fachada, desenh\u00e1-las no computador e realizar um estudo detalhado das cores de cada uma delas.<\/p>\n<p>Segundo a presidente da Funda\u00e7\u00e3o M\u00e1rio Leal Ferreira, T\u00e2nia Scofield, ao recuperar as fachadas, a Prefeitura traz de volta o valor hist\u00f3rico da regi\u00e3o. \u201cAl\u00e9m da harmonia visual, resgata-se a beleza e a din\u00e2mica da rua. O programa tamb\u00e9m preserva o patrim\u00f4nio com as suas caracter\u00edsticas que foram perdidas pelo desgaste do tempo e pela coloca\u00e7\u00e3o dos engenhos publicit\u00e1rios que cobrem essas fachadas. A ideia \u00e9 recuperar a arquitetura das fachadas, trazendo visibilidade e luz \u00e0 Baixa dos Sapateiros, t\u00e3o rica de hist\u00f3ria\u201d, disse.<\/p>\n","protected":false},"excerpt":{"rendered":"<p>O prefeito de Salvador, Bruno Reis, anunciou nesta segunda-feira (31) o programa Renova Baixa dos Sapateiros, que levar\u00e1 um pacote de a\u00e7\u00f5es para aquela regi\u00e3o do Centro Hist\u00f3rico, entre a Avenida Jos\u00e9 Joaquim Seabra e o final de linha da Barroquinha. Na pr\u00e1tica, a iniciativa abrange quatro eixos de atua\u00e7\u00e3o: a recupera\u00e7\u00e3o de cerca de [&hellip;]<\/p>\n","protected":false},"author":1,"featured_media":16320,"comment_status":"open","ping_status":"closed","sticky":false,"template":"","format":"standard","meta":{"jnews-multi-image_gallery":[],"jnews_single_post":[],"jnews_primary_category":[],"footnotes":""},"categories":[334],"tags":[],"class_list":["post-16318","post","type-post","status-publish","format-standard","has-post-thumbnail","hentry","category-renova-baixa-dos-sapateiros"],"_links":{"self":[{"href":"https:\/\/cbxonline.com.br\/index.php\/wp-json\/wp\/v2\/posts\/16318","targetHints":{"allow":["GET"]}}],"collection":[{"href":"https:\/\/cbxonline.com.br\/index.php\/wp-json\/wp\/v2\/posts"}],"about":[{"href":"https:\/\/cbxonline.com.br\/index.php\/wp-json\/wp\/v2\/types\/post"}],"author":[{"embeddable":true,"href":"https:\/\/cbxonline.com.br\/index.php\/wp-json\/wp\/v2\/users\/1"}],"replies":[{"embeddable":true,"href":"https:\/\/cbxonline.com.br\/index.php\/wp-json\/wp\/v2\/comments?post=16318"}],"version-history":[{"count":1,"href":"https:\/\/cbxonline.com.br\/index.php\/wp-json\/wp\/v2\/posts\/16318\/revisions"}],"predecessor-version":[{"id":16319,"href":"https:\/\/cbxonline.com.br\/index.php\/wp-json\/wp\/v2\/posts\/16318\/revisions\/16319"}],"wp:featuredmedia":[{"embeddable":true,"href":"https:\/\/cbxonline.com.br\/index.php\/wp-json\/wp\/v2\/media\/16320"}],"wp:attachment":[{"href":"https:\/\/cbxonline.com.br\/index.php\/wp-json\/wp\/v2\/media?parent=16318"}],"wp:term":[{"taxonomy":"category","embeddable":true,"href":"https:\/\/cbxonline.com.br\/index.php\/wp-json\/wp\/v2\/categories?post=16318"},{"taxonomy":"post_tag","embeddable":true,"href":"https:\/\/cbxonline.com.br\/index.php\/wp-json\/wp\/v2\/tags?post=16318"}],"curies":[{"name":"wp","href":"https:\/\/api.w.org\/{rel}","templated":true}]}}