{"id":16315,"date":"2026-08-31T13:40:06","date_gmt":"2026-08-31T16:40:06","guid":{"rendered":"https:\/\/cbxonline.com.br\/?p=16315"},"modified":"2026-08-31T13:40:06","modified_gmt":"2026-08-31T16:40:06","slug":"teleferico-do-suburbio-avanca-e-prefeitura-de-salvador-cria-comissao-para-preparar-licitacao","status":"publish","type":"post","link":"https:\/\/cbxonline.com.br\/index.php\/2026\/08\/31\/teleferico-do-suburbio-avanca-e-prefeitura-de-salvador-cria-comissao-para-preparar-licitacao\/","title":{"rendered":"Telef\u00e9rico do Sub\u00farbio avan\u00e7a e Prefeitura de Salvador cria comiss\u00e3o para preparar licita\u00e7\u00e3o"},"content":{"rendered":"<p class=\"isSelectedEnd\">O projeto de implanta\u00e7\u00e3o do Telef\u00e9rico do Sub\u00farbio ganhou uma nova etapa em Salvador. A Prefeitura criou uma Comiss\u00e3o Especial T\u00e9cnica Mista que ficar\u00e1 respons\u00e1vel por acompanhar os estudos e contribuir para a prepara\u00e7\u00e3o do processo de licita\u00e7\u00e3o do novo sistema de transporte.<\/p>\n<p class=\"isSelectedEnd\">A comiss\u00e3o foi oficializada por meio de uma portaria publicada no Di\u00e1rio Oficial do Munic\u00edpio e re\u00fane servidores da Superintend\u00eancia de Obras P\u00fablicas de Salvador (Sucop) e da Secretaria Municipal de Mobilidade (Semob).<\/p>\n<p class=\"isSelectedEnd\">Entre as principais atribui\u00e7\u00f5es do grupo est\u00e1 a an\u00e1lise dos estudos desenvolvidos pela Funda\u00e7\u00e3o Instituto de Administra\u00e7\u00e3o (FIA), contratada pelo munic\u00edpio para prestar consultoria especializada e auxiliar na estrutura\u00e7\u00e3o t\u00e9cnica do projeto e da futura licita\u00e7\u00e3o.<\/p>\n<p class=\"isSelectedEnd\">A comiss\u00e3o conta com tr\u00eas integrantes, sendo dois representantes da Semob e um da Sucop. A presid\u00eancia ser\u00e1 exercida por Ivone Maria Valente, que tamb\u00e9m participou da comiss\u00e3o envolvida no processo de implanta\u00e7\u00e3o do BRT de Salvador.<\/p>\n<h2>Trajeto ter\u00e1 4,3 quil\u00f4metros<\/h2>\n<p class=\"isSelectedEnd\">O planejamento prev\u00ea que o Telef\u00e9rico do Sub\u00farbio tenha aproximadamente 4,3 quil\u00f4metros de extens\u00e3o, conectando Campinas de Piraj\u00e1 a Praia Grande e passando pela regi\u00e3o do Man\u00e9 Dend\u00ea.<\/p>\n<p class=\"isSelectedEnd\">Um dos principais pontos do projeto \u00e9 a integra\u00e7\u00e3o com o metr\u00f4. A proposta \u00e9 facilitar o deslocamento dos moradores do Sub\u00farbio e ampliar as alternativas de conex\u00e3o com outras regi\u00f5es da capital baiana.<\/p>\n<p class=\"isSelectedEnd\">Com o novo modal, um percurso que atualmente pode levar entre 40 e 50 minutos poder\u00e1 ser reduzido para aproximadamente 12 a 16 minutos.<\/p>\n<p class=\"isSelectedEnd\">A estimativa \u00e9 que o telef\u00e9rico tenha capacidade para transportar at\u00e9 3,2 mil passageiros por hora em cada sentido.<\/p>\n<p>Com a cria\u00e7\u00e3o da comiss\u00e3o, o munic\u00edpio avan\u00e7a na prepara\u00e7\u00e3o das etapas necess\u00e1rias para tirar o projeto do papel. A expectativa \u00e9 que, ap\u00f3s a conclus\u00e3o e avalia\u00e7\u00e3o dos estudos t\u00e9cnicos, a licita\u00e7\u00e3o para implanta\u00e7\u00e3o do Telef\u00e9rico do Sub\u00farbio seja lan\u00e7ada ainda no segundo semestre de 2026.<\/p>\n","protected":false},"excerpt":{"rendered":"<p>O projeto de implanta\u00e7\u00e3o do Telef\u00e9rico do Sub\u00farbio ganhou uma nova etapa em Salvador. A Prefeitura criou uma Comiss\u00e3o Especial T\u00e9cnica Mista que ficar\u00e1 respons\u00e1vel por acompanhar os estudos e contribuir para a prepara\u00e7\u00e3o do processo de licita\u00e7\u00e3o do novo sistema de transporte. A comiss\u00e3o foi oficializada por meio de uma portaria publicada no Di\u00e1rio [&hellip;]<\/p>\n","protected":false},"author":1,"featured_media":16317,"comment_status":"open","ping_status":"closed","sticky":false,"template":"","format":"standard","meta":{"jnews-multi-image_gallery":[],"jnews_single_post":[],"jnews_primary_category":[],"footnotes":""},"categories":[305],"tags":[],"class_list":["post-16315","post","type-post","status-publish","format-standard","has-post-thumbnail","hentry","category-mobilidade"],"_links":{"self":[{"href":"https:\/\/cbxonline.com.br\/index.php\/wp-json\/wp\/v2\/posts\/16315","targetHints":{"allow":["GET"]}}],"collection":[{"href":"https:\/\/cbxonline.com.br\/index.php\/wp-json\/wp\/v2\/posts"}],"about":[{"href":"https:\/\/cbxonline.com.br\/index.php\/wp-json\/wp\/v2\/types\/post"}],"author":[{"embeddable":true,"href":"https:\/\/cbxonline.com.br\/index.php\/wp-json\/wp\/v2\/users\/1"}],"replies":[{"embeddable":true,"href":"https:\/\/cbxonline.com.br\/index.php\/wp-json\/wp\/v2\/comments?post=16315"}],"version-history":[{"count":1,"href":"https:\/\/cbxonline.com.br\/index.php\/wp-json\/wp\/v2\/posts\/16315\/revisions"}],"predecessor-version":[{"id":16316,"href":"https:\/\/cbxonline.com.br\/index.php\/wp-json\/wp\/v2\/posts\/16315\/revisions\/16316"}],"wp:featuredmedia":[{"embeddable":true,"href":"https:\/\/cbxonline.com.br\/index.php\/wp-json\/wp\/v2\/media\/16317"}],"wp:attachment":[{"href":"https:\/\/cbxonline.com.br\/index.php\/wp-json\/wp\/v2\/media?parent=16315"}],"wp:term":[{"taxonomy":"category","embeddable":true,"href":"https:\/\/cbxonline.com.br\/index.php\/wp-json\/wp\/v2\/categories?post=16315"},{"taxonomy":"post_tag","embeddable":true,"href":"https:\/\/cbxonline.com.br\/index.php\/wp-json\/wp\/v2\/tags?post=16315"}],"curies":[{"name":"wp","href":"https:\/\/api.w.org\/{rel}","templated":true}]}}