{"id":14660,"date":"2026-03-19T11:15:03","date_gmt":"2026-03-19T14:15:03","guid":{"rendered":"https:\/\/cbxonline.com.br\/?p=14660"},"modified":"2026-03-19T11:15:04","modified_gmt":"2026-03-19T14:15:04","slug":"festival-da-cidade-2026-celebra-os-477-anos-de-salvador","status":"publish","type":"post","link":"https:\/\/cbxonline.com.br\/index.php\/2026\/03\/19\/festival-da-cidade-2026-celebra-os-477-anos-de-salvador\/","title":{"rendered":"Festival da Cidade 2026 celebra os 477 anos de Salvador"},"content":{"rendered":"<div class=\"md:px-15\">\n<div class=\"prose-lg\">\n<p>Salvador se prepara para mais um anivers\u00e1rio com uma agenda diversa que re\u00fane cultura, m\u00fasica, literatura, teatro, economia criativa e esporte. Em celebra\u00e7\u00e3o aos 477 anos da capital baiana, comemorados em 29 de mar\u00e7o, a Prefeitura de Salvador realiza mais uma edi\u00e7\u00e3o do Festival da Cidade 2026, iniciativa que transforma o per\u00edodo em uma grande homenagem \u00e0 identidade, \u00e0 hist\u00f3ria e \u00e0 pot\u00eancia cultural soteropolitana.<\/p>\n<p>Realizado pela Prefeitura de Salvador, por meio da Empresa Salvador Turismo (Saltur), da Funda\u00e7\u00e3o Greg\u00f3rio de Mattos (FGM) e da Secretaria Municipal de Cultura e Turismo (Secult), o festival ocupa diferentes bairros e espa\u00e7os p\u00fablicos, envolvendo moradores e visitantes em experi\u00eancias que valorizam a cultura local e impulsionam o turismo e a economia criativa.<\/p>\n<p>Entre os dias 21 de mar\u00e7o e 5 de abril, a agenda re\u00fane encena\u00e7\u00f5es teatrais, feiras culturais, eventos esportivos, projetos liter\u00e1rios e a\u00e7\u00f5es desenvolvidas por diversos equipamentos culturais da cidade.<\/p>\n<p>A economia criativa tamb\u00e9m marca presen\u00e7a com a XIII Semana do Artes\u00e3o ADABA, realizada entre os dias 25 e 29 de mar\u00e7o, no Campo Grande, reunindo artes\u00e3os e produtores locais em uma feira dedicada ao artesanato e \u00e0 produ\u00e7\u00e3o art\u00edstica.<\/p>\n<p>No dia 26 de mar\u00e7o, o Campo Grande recebe os tradicionais Bailes da Cidade, com apresenta\u00e7\u00f5es das orquestras Ocsal, S\u00e9rgio Benutti, Fred Dantas, Zeca Freitas e Paulo Primo, resgatando a tradi\u00e7\u00e3o dos bailes populares e promovendo um encontro entre diferentes gera\u00e7\u00f5es.<\/p>\n<p>As artes c\u00eanicas ganham destaque com o Teatro para Todos, realizado entre os dias 27 e 29 de mar\u00e7o, no Campo Grande. A pra\u00e7a recebe espet\u00e1culos gratuitos a c\u00e9u aberto, com montagens como \u201cBuraquinhos ou o vento \u00e9 inimigo do picum\u00e3\u201d, \u201cDandara na Terra dos Palmares\u201d, \u201cNam\u00edbia, N\u00e3o!\u201d, \u201cInfinito\u201d e \u201cCandombl\u00e9 da Barroquinha\u201d, abordando temas como identidade, ancestralidade e quest\u00f5es sociais.<\/p>\n<p>O Festival da Cidade tamb\u00e9m conta com o III Festival de Literatura do Salvador, realizado entre os dias 26 e 29 de mar\u00e7o, no Salvador Shopping, com o tema \u201cDo Livro para a Tela\u201d. A iniciativa re\u00fane escritores, atores e profissionais do audiovisual em debates, oficinas e atividades voltadas \u00e0 produ\u00e7\u00e3o de conte\u00fado digital.<\/p>\n<p>*Museus* &#8211; As a\u00e7\u00f5es culturais tamb\u00e9m se expandem para os equipamentos da Secretaria Municipal de Cultura e Turismo (Secult), com programa\u00e7\u00f5es especiais nos museus da cidade. Espa\u00e7os como Casa do Carnaval da Bahia, Casa do Rio Vermelho, Cidade da M\u00fasica da Bahia, Memorial 2 de Julho, Espa\u00e7o Pierre Verger da Fotografia Baiana, al\u00e9m da Casa das Hist\u00f3rias de Salvador e da Galeria Mercado, recebem atividades educativas e experi\u00eancias culturais gratuitas que dialogam com mem\u00f3ria, identidade e territ\u00f3rio.<\/p>\n<p>A agenda re\u00fane oficinas, visitas mediadas, rodas de conversa, saraus, experi\u00eancias sensoriais e a\u00e7\u00f5es formativas, convidando o p\u00fablico a vivenciar a hist\u00f3ria e a diversidade cultural de Salvador de forma interativa. Entre os destaques est\u00e3o atividades voltadas ao p\u00fablico infantil, interven\u00e7\u00f5es art\u00edsticas com acervos hist\u00f3ricos e programa\u00e7\u00f5es especiais no dia 29 de mar\u00e7o, quando os equipamentos ter\u00e3o acesso gratuito para moradores da cidade.<\/p>\n<p>Entre as a\u00e7\u00f5es promovidas pela Funda\u00e7\u00e3o Greg\u00f3rio de Mattos est\u00e1 a s\u00e9rie audiovisual \u201cSalvador pelo Avesso \u2013 De F\u00e9rias no Sub\u00farbio\u201d, com exibi\u00e7\u00e3o nas redes sociais e nos espa\u00e7os culturais Boca de Brasa no dia 21 de mar\u00e7o. Outro destaque \u00e9 o VIII Festival Bahia de Todas as Cores, realizado entre os dias 20 e 29 de mar\u00e7o, na Barroquinha, com atividades voltadas \u00e0s artes visuais e \u00e0 valoriza\u00e7\u00e3o da diversidade cultural.<\/p>\n<p>Entre os dias 26 e 28 de mar\u00e7o, o Quarteir\u00e3o das Artes Moraes Moreira recebe o Movimento Boca de Brasa \u2013 Festival (9\u00aa edi\u00e7\u00e3o), reunindo apresenta\u00e7\u00f5es e atividades culturais. Entre as atra\u00e7\u00f5es est\u00e3o Larissa Luz, com o show Rock in Gil (26), al\u00e9m de Attoxxa (27) e Duquesa (28).<\/p>\n<p>No dia 28 de mar\u00e7o, o Centro de Interpreta\u00e7\u00e3o da Mata Atl\u00e2ntica (CIMA), no espa\u00e7o Boca de Brasa, recebe o espet\u00e1culo \u201cMaria Vai com as Outras\u201d, com sess\u00f5es \u00e0s 11h e \u00e0s 15h. J\u00e1 no dia 29 de mar\u00e7o, acontece o Boca de Brasa Itinerante \u2013 edi\u00e7\u00e3o especial, que marca o retorno do Caminh\u00e3o-Palco do programa no bairro Man\u00e9 Dend\u00ea, ampliando o acesso da popula\u00e7\u00e3o \u00e0s atividades culturais. Ainda na programa\u00e7\u00e3o, no dia 31 de mar\u00e7o, ocorre o lan\u00e7amento dos editais \u201cCulturas Populares: Festas e Mestres\u201d e \u201cOcupa\u00e7\u00e3o do Boca de Brasa\u201d, iniciativas voltadas ao fomento da produ\u00e7\u00e3o cultural da cidade.<\/p>\n<p>*Anivers\u00e1rio* &#8211; No dia 29 de mar\u00e7o, data em que Salvador celebra seu anivers\u00e1rio, a agenda re\u00fane diversas atividades esportivas e de lazer ao ar livre. Entre elas est\u00e1 o Pedal da Cidade, passeio cicl\u00edstico pela orla atl\u00e2ntica com concentra\u00e7\u00e3o no Parque dos Ventos. No mesmo dia ocorre a corrida Salvador 10 Milhas, com percursos de 5 e 10 milhas, reunindo atletas e entusiastas da corrida de rua. Outro destaque \u00e9 a Volta ao Dique, realizada no entorno do Dique do Toror\u00f3, com apresenta\u00e7\u00e3o musical do grupo Mudei de Nome.<\/p>\n<p>A agenda segue no in\u00edcio de abril com eventos esportivos de proje\u00e7\u00e3o internacional. Nos dias 4 e 5 de abril, Salvador recebe o Oceanman Brazil 2026, campeonato internacional de nata\u00e7\u00e3o em \u00e1guas abertas, com provas realizadas entre o Terminal N\u00e1utico e a Praia do Porto da Barra.<\/p>\n<p>A programa\u00e7\u00e3o completa do Festival da Cidade 2026 est\u00e1 dispon\u00edvel em www.festivaldacidade.salvador.ba.gov.br.<\/p>\n<\/div>\n<\/div>\n","protected":false},"excerpt":{"rendered":"<p>Salvador se prepara para mais um anivers\u00e1rio com uma agenda diversa que re\u00fane cultura, m\u00fasica, literatura, teatro, economia criativa e esporte. Em celebra\u00e7\u00e3o aos 477 anos da capital baiana, comemorados em 29 de mar\u00e7o, a Prefeitura de Salvador realiza mais uma edi\u00e7\u00e3o do Festival da Cidade 2026, iniciativa que transforma o per\u00edodo em uma grande [&hellip;]<\/p>\n","protected":false},"author":1,"featured_media":14662,"comment_status":"open","ping_status":"closed","sticky":false,"template":"","format":"standard","meta":{"jnews-multi-image_gallery":[],"jnews_single_post":[],"jnews_primary_category":[],"footnotes":""},"categories":[297],"tags":[],"class_list":["post-14660","post","type-post","status-publish","format-standard","has-post-thumbnail","hentry","category-festival-da-cidade-2026"],"_links":{"self":[{"href":"https:\/\/cbxonline.com.br\/index.php\/wp-json\/wp\/v2\/posts\/14660","targetHints":{"allow":["GET"]}}],"collection":[{"href":"https:\/\/cbxonline.com.br\/index.php\/wp-json\/wp\/v2\/posts"}],"about":[{"href":"https:\/\/cbxonline.com.br\/index.php\/wp-json\/wp\/v2\/types\/post"}],"author":[{"embeddable":true,"href":"https:\/\/cbxonline.com.br\/index.php\/wp-json\/wp\/v2\/users\/1"}],"replies":[{"embeddable":true,"href":"https:\/\/cbxonline.com.br\/index.php\/wp-json\/wp\/v2\/comments?post=14660"}],"version-history":[{"count":1,"href":"https:\/\/cbxonline.com.br\/index.php\/wp-json\/wp\/v2\/posts\/14660\/revisions"}],"predecessor-version":[{"id":14661,"href":"https:\/\/cbxonline.com.br\/index.php\/wp-json\/wp\/v2\/posts\/14660\/revisions\/14661"}],"wp:featuredmedia":[{"embeddable":true,"href":"https:\/\/cbxonline.com.br\/index.php\/wp-json\/wp\/v2\/media\/14662"}],"wp:attachment":[{"href":"https:\/\/cbxonline.com.br\/index.php\/wp-json\/wp\/v2\/media?parent=14660"}],"wp:term":[{"taxonomy":"category","embeddable":true,"href":"https:\/\/cbxonline.com.br\/index.php\/wp-json\/wp\/v2\/categories?post=14660"},{"taxonomy":"post_tag","embeddable":true,"href":"https:\/\/cbxonline.com.br\/index.php\/wp-json\/wp\/v2\/tags?post=14660"}],"curies":[{"name":"wp","href":"https:\/\/api.w.org\/{rel}","templated":true}]}}