{"id":14654,"date":"2026-03-19T10:44:56","date_gmt":"2026-03-19T13:44:56","guid":{"rendered":"https:\/\/cbxonline.com.br\/?p=14654"},"modified":"2026-03-19T10:44:57","modified_gmt":"2026-03-19T13:44:57","slug":"policia-prende-segundo-envolvido-em-ataque-a-tiros-na-lavagem-do-bonfim","status":"publish","type":"post","link":"https:\/\/cbxonline.com.br\/index.php\/2026\/03\/19\/policia-prende-segundo-envolvido-em-ataque-a-tiros-na-lavagem-do-bonfim\/","title":{"rendered":"Pol\u00edcia prende segundo envolvido em ataque a tiros na Lavagem do Bonfim"},"content":{"rendered":"<p>A Pol\u00edcia Civil efetuou a pris\u00e3o, na quarta-feira (18), de um homem de 33 anos suspeito de envolvimento no tiroteio ocorrido durante a Lavagem do Bonfim, em 15 de janeiro deste ano. O crime aconteceu na Avenida Jequitaia e causou a a morte de Joilson Santana de Souza, de 30 anos, al\u00e9m de deixar outras sete pessoas feridas.<\/p>\n<p>As investiga\u00e7\u00f5es do Departamento de Homic\u00eddios e Prote\u00e7\u00e3o \u00e0 Pessoa (DHPP) apontam que o segundo suspeito \u00e9 irm\u00e3o do autor dos disparos, que j\u00e1 havia sido preso em 23 de janeiro no bairro de Monte Serrat. O irm\u00e3o foi o respons\u00e1vel por esconder a arma utilizada no crime ap\u00f3s o ataque.<\/p>\n<p>A pris\u00e3o dele ocorreu no bairro da Liberdade. Segundo o hist\u00f3rico do caso, a confus\u00e3o teve in\u00edcio durante um evento tipo \u201cpared\u00e3o\u201d no percurso da festa popular. Al\u00e9m da v\u00edtima que morreu, quatro homens e tr\u00eas mulheres ficaram feridos, totalizando sete v\u00edtimas socorridas a unidades hospitalares.<\/p>\n<p>A Pol\u00edcia Civil confirmou que uma terceira pessoa envolvida no crime ainda est\u00e1 sendo procurada.<\/p>\n<p>O suspeito detido nesta quarta permanece \u00e0 disposi\u00e7\u00e3o da Justi\u00e7a e deve responder por aux\u00edlio no crime, al\u00e9m de porte e oculta\u00e7\u00e3o de arma de fogo. As dilig\u00eancias continuam para localizar o \u00faltimo integrante do grupo envolvido na ocorr\u00eancia.<\/p>\n","protected":false},"excerpt":{"rendered":"<p>A Pol\u00edcia Civil efetuou a pris\u00e3o, na quarta-feira (18), de um homem de 33 anos suspeito de envolvimento no tiroteio ocorrido durante a Lavagem do Bonfim, em 15 de janeiro deste ano. O crime aconteceu na Avenida Jequitaia e causou a a morte de Joilson Santana de Souza, de 30 anos, al\u00e9m de deixar outras [&hellip;]<\/p>\n","protected":false},"author":1,"featured_media":14656,"comment_status":"open","ping_status":"closed","sticky":false,"template":"","format":"standard","meta":{"jnews-multi-image_gallery":[],"jnews_single_post":[],"jnews_primary_category":[],"footnotes":""},"categories":[105],"tags":[],"class_list":["post-14654","post","type-post","status-publish","format-standard","has-post-thumbnail","hentry","category-policia"],"_links":{"self":[{"href":"https:\/\/cbxonline.com.br\/index.php\/wp-json\/wp\/v2\/posts\/14654","targetHints":{"allow":["GET"]}}],"collection":[{"href":"https:\/\/cbxonline.com.br\/index.php\/wp-json\/wp\/v2\/posts"}],"about":[{"href":"https:\/\/cbxonline.com.br\/index.php\/wp-json\/wp\/v2\/types\/post"}],"author":[{"embeddable":true,"href":"https:\/\/cbxonline.com.br\/index.php\/wp-json\/wp\/v2\/users\/1"}],"replies":[{"embeddable":true,"href":"https:\/\/cbxonline.com.br\/index.php\/wp-json\/wp\/v2\/comments?post=14654"}],"version-history":[{"count":1,"href":"https:\/\/cbxonline.com.br\/index.php\/wp-json\/wp\/v2\/posts\/14654\/revisions"}],"predecessor-version":[{"id":14655,"href":"https:\/\/cbxonline.com.br\/index.php\/wp-json\/wp\/v2\/posts\/14654\/revisions\/14655"}],"wp:featuredmedia":[{"embeddable":true,"href":"https:\/\/cbxonline.com.br\/index.php\/wp-json\/wp\/v2\/media\/14656"}],"wp:attachment":[{"href":"https:\/\/cbxonline.com.br\/index.php\/wp-json\/wp\/v2\/media?parent=14654"}],"wp:term":[{"taxonomy":"category","embeddable":true,"href":"https:\/\/cbxonline.com.br\/index.php\/wp-json\/wp\/v2\/categories?post=14654"},{"taxonomy":"post_tag","embeddable":true,"href":"https:\/\/cbxonline.com.br\/index.php\/wp-json\/wp\/v2\/tags?post=14654"}],"curies":[{"name":"wp","href":"https:\/\/api.w.org\/{rel}","templated":true}]}}