{"id":14651,"date":"2026-03-18T11:45:06","date_gmt":"2026-03-18T14:45:06","guid":{"rendered":"https:\/\/cbxonline.com.br\/?p=14651"},"modified":"2026-03-18T11:45:07","modified_gmt":"2026-03-18T14:45:07","slug":"jusmari-justifica-interdicao-na-jequitaia-e-garante-vlt-sem-alagamentos","status":"publish","type":"post","link":"https:\/\/cbxonline.com.br\/index.php\/2026\/03\/18\/jusmari-justifica-interdicao-na-jequitaia-e-garante-vlt-sem-alagamentos\/","title":{"rendered":"Jusmari justifica interdi\u00e7\u00e3o na Jequitaia e garante VLT sem alagamentos"},"content":{"rendered":"<p>A secret\u00e1ria de Desenvolvimento Urbano da Bahia (Sedur), Jusmari Oliveira, comentou nesta ter\u00e7a-feira (17) sobre o avan\u00e7o das obras de mobilidade em Salvador e os transtornos tempor\u00e1rios causados pelas interven\u00e7\u00f5es do VLT e a expans\u00e3o do metr\u00f4. As declara\u00e7\u00f5es foram dadas durante o lan\u00e7amento do programa Qualiturismo Bahia, na capital baiana.<\/p>\n<div class=\"conteudo_post\">\n<p>Sobre a mudan\u00e7a no tr\u00e1fego da Avenida Jequitaia, nas proximidades da Cal\u00e7ada \u2014 que deve durar at\u00e9 13 de abril \u2014, Jusmari destacou que a obra vai al\u00e9m da instala\u00e7\u00e3o de trilhos. Segundo Jusmari, o projeto prioriza a resolu\u00e7\u00e3o de problemas hist\u00f3ricos de drenagem na Cidade Baixa.<\/p>\n<p>\u201cA obra do VLT, ela n\u00e3o pode ser e n\u00e3o \u00e9 apenas o trem sobre os trilhos. N\u00f3s n\u00e3o vamos colocar s\u00f3 trilhos, n\u00f3s temos que pensar que por onde o VLT passa. N\u00f3s temos que resolver problemas hist\u00f3ricos e um dos principais \u00e9 o de drenagem. E aquela regi\u00e3o ali que foi interditada nesses \u00faltimos dias, ela \u00e9 uma regi\u00e3o que historicamente alaga. A drenagem est\u00e1 sendo feita para que a obra do VLT tenha a seguran\u00e7a de um n\u00e3o alagamento\u201d, disse Jusmari.<\/p>\n<p>\u201cEnt\u00e3o n\u00f3s estamos fazendo obras de drenagem no estado todo com um planejamento e uma previs\u00e3o de onde n\u00f3s vimos casas sendo invadidas por \u00e1gua, fam\u00edlias sendo desabrigadas com a invas\u00e3o das \u00e1guas das chuvas, n\u00e3o terem mais isso. Ent\u00e3o, ali n\u00f3s juntamos as obras do VLT, que \u00e9 mobilidade sustent\u00e1vel, moderna e segura, com as obras de drenagem. Ent\u00e3o, a popula\u00e7\u00e3o tem que entender que s\u00e3o obras que v\u00e3o definitivamente mudar a vida para melhor e para sempre\u201d, acrescentou.<\/p>\n<p><strong>Metr\u00f4 at\u00e9 o Campo Grande<\/strong><\/p>\n<p>Jusmari tamb\u00e9m detalhou o planejamento para a expans\u00e3o do metr\u00f4 de Salvador, que ligar\u00e1 a Esta\u00e7\u00e3o da Lapa ao Campo Grande. De acordo com a secret\u00e1ria, a obra \u00e9 uma das principais iniciativas de mobilidade urbana em execu\u00e7\u00e3o no pa\u00eds pela import\u00e2ncia cultural e<\/p>\n<p>\u201cN\u00f3s sempre soubemos que seria um projeto complexo, que foi planejado e que t\u00e1 sendo executado pela nossa companhia de trens da Bahia, com todos os cuidados que n\u00f3s temos que ter naquela regi\u00e3o, por isso o percurso vai ser feito por subterr\u00e2neo, para se evitar o m\u00e1ximo poss\u00edvel de desapropria\u00e7\u00f5es e de transtorno para aquela regi\u00e3o\u201d, afirmou.<\/p>\n<p>\u201cDe vez em quando recuamos, reestruturamos, replanejamos e cuidamos para que o projeto traga o menor transtorno poss\u00edvel. Tudo que se faz \u00e9 para trazer menor transtorno para a regi\u00e3o. O projeto foi planejado, mais seguro poss\u00edvel, mais perfeito poss\u00edvel para aquela regi\u00e3o\u201d, finalizou.<\/p>\n<\/div>\n<div id=\"author-info\" class=\"ui items\">\n<div class=\"item\"><\/div>\n<\/div>\n","protected":false},"excerpt":{"rendered":"<p>A secret\u00e1ria de Desenvolvimento Urbano da Bahia (Sedur), Jusmari Oliveira, comentou nesta ter\u00e7a-feira (17) sobre o avan\u00e7o das obras de mobilidade em Salvador e os transtornos tempor\u00e1rios causados pelas interven\u00e7\u00f5es do VLT e a expans\u00e3o do metr\u00f4. As declara\u00e7\u00f5es foram dadas durante o lan\u00e7amento do programa Qualiturismo Bahia, na capital baiana. Sobre a mudan\u00e7a no [&hellip;]<\/p>\n","protected":false},"author":1,"featured_media":14653,"comment_status":"open","ping_status":"closed","sticky":false,"template":"","format":"standard","meta":{"jnews-multi-image_gallery":[],"jnews_single_post":[],"jnews_primary_category":[],"footnotes":""},"categories":[238],"tags":[],"class_list":["post-14651","post","type-post","status-publish","format-standard","has-post-thumbnail","hentry","category-vlt"],"_links":{"self":[{"href":"https:\/\/cbxonline.com.br\/index.php\/wp-json\/wp\/v2\/posts\/14651","targetHints":{"allow":["GET"]}}],"collection":[{"href":"https:\/\/cbxonline.com.br\/index.php\/wp-json\/wp\/v2\/posts"}],"about":[{"href":"https:\/\/cbxonline.com.br\/index.php\/wp-json\/wp\/v2\/types\/post"}],"author":[{"embeddable":true,"href":"https:\/\/cbxonline.com.br\/index.php\/wp-json\/wp\/v2\/users\/1"}],"replies":[{"embeddable":true,"href":"https:\/\/cbxonline.com.br\/index.php\/wp-json\/wp\/v2\/comments?post=14651"}],"version-history":[{"count":1,"href":"https:\/\/cbxonline.com.br\/index.php\/wp-json\/wp\/v2\/posts\/14651\/revisions"}],"predecessor-version":[{"id":14652,"href":"https:\/\/cbxonline.com.br\/index.php\/wp-json\/wp\/v2\/posts\/14651\/revisions\/14652"}],"wp:featuredmedia":[{"embeddable":true,"href":"https:\/\/cbxonline.com.br\/index.php\/wp-json\/wp\/v2\/media\/14653"}],"wp:attachment":[{"href":"https:\/\/cbxonline.com.br\/index.php\/wp-json\/wp\/v2\/media?parent=14651"}],"wp:term":[{"taxonomy":"category","embeddable":true,"href":"https:\/\/cbxonline.com.br\/index.php\/wp-json\/wp\/v2\/categories?post=14651"},{"taxonomy":"post_tag","embeddable":true,"href":"https:\/\/cbxonline.com.br\/index.php\/wp-json\/wp\/v2\/tags?post=14651"}],"curies":[{"name":"wp","href":"https:\/\/api.w.org\/{rel}","templated":true}]}}