{"id":14636,"date":"2026-03-16T10:48:44","date_gmt":"2026-03-16T13:48:44","guid":{"rendered":"https:\/\/cbxonline.com.br\/?p=14636"},"modified":"2026-03-16T10:48:45","modified_gmt":"2026-03-16T13:48:45","slug":"com-juba-na-pre-lista-ancelotti-anuncia-convocacao-da-selecao-brasileira-nesta-segunda","status":"publish","type":"post","link":"https:\/\/cbxonline.com.br\/index.php\/2026\/03\/16\/com-juba-na-pre-lista-ancelotti-anuncia-convocacao-da-selecao-brasileira-nesta-segunda\/","title":{"rendered":"Com Juba na pr\u00e9-lista, Ancelotti anuncia convoca\u00e7\u00e3o da Sele\u00e7\u00e3o Brasileira nesta segunda"},"content":{"rendered":"<p>O t\u00e9cnico da Sele\u00e7\u00e3o Brasileira, Carlo Ancelotti, anunciar\u00e1, na tarde desta segunda-feira (16), a convoca\u00e7\u00e3o da Amarelinha para os amistosos com Fran\u00e7a e Cro\u00e1cia, na Data FIFA de mar\u00e7o, nos Estados Unidos. O evento come\u00e7ar\u00e1 \u00e0s 15h30 (de Bras\u00edlia) e ter\u00e1 transmiss\u00e3o ao vivo da CBF TV, no YouTube. Ap\u00f3s a divulga\u00e7\u00e3o dos nomes, o t\u00e9cnico conceder\u00e1 entrevista coletiva.<\/p>\n<p>No dia 26, a Amarelinha enfrenta a Fran\u00e7a, no Gillette Stadium, em Boston, \u00e0s 17h (de Bras\u00edlia). J\u00e1 no dia 31, encara a Cro\u00e1cia, no Camping World Stadium, em Orlando, \u00e0s 21h (de Bras\u00edlia). Franceses e croatas est\u00e3o no Top 10 do Ranking Mundial Masculino da FIFA: a Fran\u00e7a ocupa a terceira coloca\u00e7\u00e3o, e a Cro\u00e1cia, a d\u00e9cima.<\/p>\n<p>Com estes advers\u00e1rios, o departamento de Sele\u00e7\u00f5es cumprir\u00e1 o planejamento tra\u00e7ado para que o Brasil enfrentasse sele\u00e7\u00f5es fortes de diferentes escolas mundiais. Desde o fim das Eliminat\u00f3rias, a equipe encarou, em outubro, os asi\u00e1ticos Coreia do Sul e Jap\u00e3o e, em novembro, os africanos Senegal e Tun\u00edsia.<\/p>\n<p>A lista que ser\u00e1 divulgada nesta segunda-feira (16) \u00e9 a \u00faltima antes da convoca\u00e7\u00e3o para a Copa do Mundo.<\/p>\n","protected":false},"excerpt":{"rendered":"<p>O t\u00e9cnico da Sele\u00e7\u00e3o Brasileira, Carlo Ancelotti, anunciar\u00e1, na tarde desta segunda-feira (16), a convoca\u00e7\u00e3o da Amarelinha para os amistosos com Fran\u00e7a e Cro\u00e1cia, na Data FIFA de mar\u00e7o, nos Estados Unidos. O evento come\u00e7ar\u00e1 \u00e0s 15h30 (de Bras\u00edlia) e ter\u00e1 transmiss\u00e3o ao vivo da CBF TV, no YouTube. Ap\u00f3s a divulga\u00e7\u00e3o dos nomes, o [&hellip;]<\/p>\n","protected":false},"author":1,"featured_media":14638,"comment_status":"open","ping_status":"closed","sticky":false,"template":"","format":"standard","meta":{"jnews-multi-image_gallery":[],"jnews_single_post":[],"jnews_primary_category":[],"footnotes":""},"categories":[89],"tags":[],"class_list":["post-14636","post","type-post","status-publish","format-standard","has-post-thumbnail","hentry","category-esportes"],"_links":{"self":[{"href":"https:\/\/cbxonline.com.br\/index.php\/wp-json\/wp\/v2\/posts\/14636","targetHints":{"allow":["GET"]}}],"collection":[{"href":"https:\/\/cbxonline.com.br\/index.php\/wp-json\/wp\/v2\/posts"}],"about":[{"href":"https:\/\/cbxonline.com.br\/index.php\/wp-json\/wp\/v2\/types\/post"}],"author":[{"embeddable":true,"href":"https:\/\/cbxonline.com.br\/index.php\/wp-json\/wp\/v2\/users\/1"}],"replies":[{"embeddable":true,"href":"https:\/\/cbxonline.com.br\/index.php\/wp-json\/wp\/v2\/comments?post=14636"}],"version-history":[{"count":1,"href":"https:\/\/cbxonline.com.br\/index.php\/wp-json\/wp\/v2\/posts\/14636\/revisions"}],"predecessor-version":[{"id":14637,"href":"https:\/\/cbxonline.com.br\/index.php\/wp-json\/wp\/v2\/posts\/14636\/revisions\/14637"}],"wp:featuredmedia":[{"embeddable":true,"href":"https:\/\/cbxonline.com.br\/index.php\/wp-json\/wp\/v2\/media\/14638"}],"wp:attachment":[{"href":"https:\/\/cbxonline.com.br\/index.php\/wp-json\/wp\/v2\/media?parent=14636"}],"wp:term":[{"taxonomy":"category","embeddable":true,"href":"https:\/\/cbxonline.com.br\/index.php\/wp-json\/wp\/v2\/categories?post=14636"},{"taxonomy":"post_tag","embeddable":true,"href":"https:\/\/cbxonline.com.br\/index.php\/wp-json\/wp\/v2\/tags?post=14636"}],"curies":[{"name":"wp","href":"https:\/\/api.w.org\/{rel}","templated":true}]}}