{"id":14616,"date":"2026-03-11T14:50:52","date_gmt":"2026-03-11T17:50:52","guid":{"rendered":"https:\/\/cbxonline.com.br\/?p=14616"},"modified":"2026-03-11T14:50:52","modified_gmt":"2026-03-11T17:50:52","slug":"salvador-recebe-nos-estados-unidos-o-maior-premio-da-area-de-mobilidade-sustentavel-no-planeta","status":"publish","type":"post","link":"https:\/\/cbxonline.com.br\/index.php\/2026\/03\/11\/salvador-recebe-nos-estados-unidos-o-maior-premio-da-area-de-mobilidade-sustentavel-no-planeta\/","title":{"rendered":"Salvador recebe nos Estados Unidos o maior pr\u00eamio da \u00e1rea de mobilidade sustent\u00e1vel no planeta"},"content":{"rendered":"<p>A Prefeitura de Salvador recebeu, nesta quarta-feira (11), a honraria considerada o \u2018Oscar\u2019 da mobilidade sustent\u00e1vel no planeta. A capital baiana foi vencedora do Sustainable Transport Award (STA), iniciativa que reconhece as melhores a\u00e7\u00f5es para o transporte sustent\u00e1vel em todo o mundo. O pr\u00eamio foi entregue numa cerim\u00f4nia em Washington, capital dos Estados Unidos, e contou com a presen\u00e7a de t\u00e9cnicos e gestores da \u00e1rea de mobilidade urbana vindos de diversos pa\u00edses.<\/p>\n<p>Realizado pelo Institute for Transportation and Development Policy (ITDP), entidade que \u00e9 refer\u00eancia no debate pela mobilidade sustent\u00e1vel no planeta, o STA \u00e9 entregue anualmente \u00e0s cidades de todo o mundo selecionadas por implementar projetos inovadores de transporte sustent\u00e1vel. No caso de Salvador, a premia\u00e7\u00e3o reconheceu os esfor\u00e7os da capital baiana para expandir e modernizar o seu sistema de \u00f4nibus r\u00e1pido (BRT) com \u00f4nibus el\u00e9tricos, al\u00e9m de projetos de ruas e esta\u00e7\u00f5es acess\u00edveis e iniciativas de inclus\u00e3o de g\u00eanero, como o programa Mulheres no Volante.<\/p>\n<p>Em v\u00eddeo enviado \u00e0 premia\u00e7\u00e3o, o prefeito Bruno Reis destacou que Salvador continuar\u00e1 investindo para modernizar o seu sistema: \u201cVencer o pr\u00eamio STA de transporte sustent\u00e1vel, esse que \u00e9 o \u2018Oscar\u2019 da mobilidade, reafirma que estamos no caminho certo. Mostra, tamb\u00e9m, que juntos podemos fazer muito mais. Muito obrigado a todos que fazem parte de mais essa conquista de nossa cidade, e tenham certeza que vamos continuar avan\u00e7ando, cada vez mais\u201d.<\/p>\n<p>Em seu discurso de agradecimento, o secret\u00e1rio de Mobilidade, Pablo Souza, destacou a uni\u00e3o entre a Prefeitura e entes especializados na \u00e1rea de sustentabilidade. \u201cEsse pr\u00eamio \u00e9 fruto de uma decis\u00e3o pol\u00edtica acertada, e representa todo o esfor\u00e7o da equipe t\u00e9cnica da Prefeitura, operadores e tamb\u00e9m de parceiros, como o ITDP, WRI, Banco Mundial, GIZ e tamb\u00e9m C40, que foram fundamentais para que n\u00f3s pud\u00e9ssemos alcan\u00e7ar esses resultados\u201d, declarou.<\/p>\n<p>O gestor da Semob destacou ainda os benef\u00edcios do BRT na mobilidade soteropolitana. \u201cNo corredor de BRT, n\u00f3s reduzimos o tempo de deslocamento de 45 para 15 minutos, poupando o tempo da popula\u00e7\u00e3o. Na pesquisa de satisfa\u00e7\u00e3o mais recente, os usu\u00e1rios avaliaram em 82% como satisfeitos e muito satisfeitos com o servi\u00e7o\u201d, destacou.<\/p>\n<p>Com rela\u00e7\u00e3o \u00e0 mobilidade sustent\u00e1vel, o secret\u00e1rio afirmou que a cidade tem muitas metas ambiciosas pela frente, como alcan\u00e7ar mais de 700 km entre ciclovias, ciclofaixas e ciclorrotas na cidade at\u00e9 2034. \u201cTamb\u00e9m estamos na fase final da negocia\u00e7\u00e3o com o Banco Mundial para que Salvador possa ter 100 novos \u00f4nibus el\u00e9tricos com ar-condicionado, 0 km, compondo a frota de \u00f4nibus da nossa cidade. Com isso, vamos chegar a 50% de toda a frota de BRT composta por \u00f4nibus el\u00e9tricos\u201d, explicou Pablo Souza.<\/p>\n<p>Sistema BRT \u2013 Com sua opera\u00e7\u00e3o iniciada em 2022, o BRT conta atualmente com oito \u00f4nibus el\u00e9tricos, al\u00e9m do maior eletroterminal do pa\u00eds, com capacidade para carregar at\u00e9 20 \u00f4nibus simultaneamente. Al\u00e9m disso, a cidade est\u00e1 em tratativas com o Banco Mundial para a aquisi\u00e7\u00e3o de mais 100 \u00f4nibus el\u00e9tricos para a frota do transporte p\u00fablico da cidade.<\/p>\n<p>Al\u00e9m da eletrifica\u00e7\u00e3o de frota, as esta\u00e7\u00f5es de BRT contam com medidas importantes de acessibilidade, como elevadores e embarque nivelado, para ajudar os passageiros com mobilidade reduzida a embarcar com mais conforto. Algumas esta\u00e7\u00f5es tamb\u00e9m oferecem biciclet\u00e1rios, esta\u00e7\u00f5es de compartilhamento de bicicletas e patinetes el\u00e9tricos. Essas iniciativas ajudam a incentivar o acesso multimodal entre \u00f4nibus e mobilidade ativa, parte essencial para uma rede de transporte urbano sustent\u00e1vel.<\/p>\n","protected":false},"excerpt":{"rendered":"<p>A Prefeitura de Salvador recebeu, nesta quarta-feira (11), a honraria considerada o \u2018Oscar\u2019 da mobilidade sustent\u00e1vel no planeta. A capital baiana foi vencedora do Sustainable Transport Award (STA), iniciativa que reconhece as melhores a\u00e7\u00f5es para o transporte sustent\u00e1vel em todo o mundo. O pr\u00eamio foi entregue numa cerim\u00f4nia em Washington, capital dos Estados Unidos, e [&hellip;]<\/p>\n","protected":false},"author":1,"featured_media":14618,"comment_status":"open","ping_status":"closed","sticky":false,"template":"","format":"standard","meta":{"jnews-multi-image_gallery":[],"jnews_single_post":[],"jnews_primary_category":[],"footnotes":""},"categories":[86,148],"tags":[],"class_list":["post-14616","post","type-post","status-publish","format-standard","has-post-thumbnail","hentry","category-salvador","category-transporte"],"_links":{"self":[{"href":"https:\/\/cbxonline.com.br\/index.php\/wp-json\/wp\/v2\/posts\/14616","targetHints":{"allow":["GET"]}}],"collection":[{"href":"https:\/\/cbxonline.com.br\/index.php\/wp-json\/wp\/v2\/posts"}],"about":[{"href":"https:\/\/cbxonline.com.br\/index.php\/wp-json\/wp\/v2\/types\/post"}],"author":[{"embeddable":true,"href":"https:\/\/cbxonline.com.br\/index.php\/wp-json\/wp\/v2\/users\/1"}],"replies":[{"embeddable":true,"href":"https:\/\/cbxonline.com.br\/index.php\/wp-json\/wp\/v2\/comments?post=14616"}],"version-history":[{"count":1,"href":"https:\/\/cbxonline.com.br\/index.php\/wp-json\/wp\/v2\/posts\/14616\/revisions"}],"predecessor-version":[{"id":14617,"href":"https:\/\/cbxonline.com.br\/index.php\/wp-json\/wp\/v2\/posts\/14616\/revisions\/14617"}],"wp:featuredmedia":[{"embeddable":true,"href":"https:\/\/cbxonline.com.br\/index.php\/wp-json\/wp\/v2\/media\/14618"}],"wp:attachment":[{"href":"https:\/\/cbxonline.com.br\/index.php\/wp-json\/wp\/v2\/media?parent=14616"}],"wp:term":[{"taxonomy":"category","embeddable":true,"href":"https:\/\/cbxonline.com.br\/index.php\/wp-json\/wp\/v2\/categories?post=14616"},{"taxonomy":"post_tag","embeddable":true,"href":"https:\/\/cbxonline.com.br\/index.php\/wp-json\/wp\/v2\/tags?post=14616"}],"curies":[{"name":"wp","href":"https:\/\/api.w.org\/{rel}","templated":true}]}}