{"id":14026,"date":"2025-10-27T15:56:30","date_gmt":"2025-10-27T18:56:30","guid":{"rendered":"https:\/\/cbxonline.com.br\/?p=14026"},"modified":"2025-10-27T15:56:30","modified_gmt":"2025-10-27T18:56:30","slug":"salvador-recebe-secretarios-de-cultura-de-todo-o-pais-em-encontro-nacional","status":"publish","type":"post","link":"https:\/\/cbxonline.com.br\/index.php\/2025\/10\/27\/salvador-recebe-secretarios-de-cultura-de-todo-o-pais-em-encontro-nacional\/","title":{"rendered":"Salvador recebe secret\u00e1rios de Cultura de todo o pa\u00eds em encontro nacional"},"content":{"rendered":"<div class=\"flex flex-col items-center my-2\">\n<p class=\"w-full md:w-9\/12 my-2 md:my-4 text-4xl md:text-6xl font-bold text-center leading-none md:leading-tight\"><span style=\"font-size: 16px;\">A capital baiana se torna, a partir desta segunda-feira (27), o centro do di\u00e1logo nacional sobre pol\u00edticas culturais, ao sediar o Encontro Nacional de Gestores Municipais de Cultura, que reunir\u00e1 secret\u00e1rios e secret\u00e1rias de diversas cidades brasileiras, representantes do Minist\u00e9rio da Cultura e institui\u00e7\u00f5es parceiras. As atividades ser\u00e3o realizadas na Casa das Hist\u00f3rias de Salvador, no bairro do Com\u00e9rcio, e seguem at\u00e9 ter\u00e7a (28), com uma programa\u00e7\u00e3o voltada \u00e0 coopera\u00e7\u00e3o federativa, inova\u00e7\u00e3o e governan\u00e7a cultural.<\/span><\/p>\n<p class=\"w-full md:w-9\/12 my-2 md:my-4 text-4xl md:text-6xl font-bold text-center leading-none md:leading-tight\"><span style=\"font-size: 16px;\"><br \/>\n<\/span>A abertura oficial acontece \u00e0s 9h30, com a presen\u00e7a da vice-prefeita e secret\u00e1ria de Cultura e Turismo, Ana Paula Matos, e de Eliane Parreiras, presidente do F\u00f3rum Nacional de Secret\u00e1rios e Dirigentes de Cultura (FNC) e secret\u00e1ria de Cultura de Belo Horizonte. Tamb\u00e9m participam Fernando Guerreiro, presidente da Funda\u00e7\u00e3o Greg\u00f3rio de Mattos, Luciana Campos, da Funda\u00e7\u00e3o Ita\u00fa, e representantes do Minist\u00e9rio da Cultura.<\/p>\n<\/div>\n<div class=\"flex justify-center gap-10 flex-wrap md:flex-nowrap\">\n<div class=\"w-full md:w-7\/12\">\n<div class=\"md:px-15\">\n<div class=\"prose-lg\" style=\"text-align: center;\">\n<p style=\"text-align: left;\">Na sequ\u00eancia, \u00e0s 10h, a vice-prefeita Ana Paula Matos apresentar\u00e1 o Programa \u201cSalvador Criativa\u201d, uma das iniciativas estruturantes da atual gest\u00e3o para fortalecer a economia criativa e valorizar o patrim\u00f4nio cultural da cidade. O programa \u00e9 baseado em tr\u00eas eixos \u2014 Fomento \u00e0 Cultura, Celebra\u00e7\u00e3o e A\u00e7\u00f5es de Mercado \u2014 e tem foco na gera\u00e7\u00e3o de oportunidades, sustentabilidade e fortalecimento das cadeias produtivas da cultura.<\/p>\n<div class=\"google-auto-placed\"><ins class=\"adsbygoogle adsbygoogle-noablate\" data-ad-format=\"auto\" data-ad-client=\"ca-pub-0629312231703893\" data-adsbygoogle-status=\"done\" data-ad-status=\"filled\"><\/p>\n<div id=\"aswift_9_host\" style=\"text-align: left;\">\u201c\u00c9 uma alegria enorme receber aqui em Salvador gestores e gestoras que fazem a cultura acontecer em seus territ\u00f3rios. Esse encontro \u00e9 uma oportunidade de troca, aprendizado e constru\u00e7\u00e3o conjunta. A cultura \u00e9 um pilar fundamental para o desenvolvimento das cidades, e Salvador, como Cidade da M\u00fasica da UNESCO, est\u00e1 honrada em ser palco desse di\u00e1logo nacional\u201d, destacou Ana Paula Matos.<\/div>\n<p><\/ins><\/div>\n<p style=\"text-align: left;\">Ao longo do dia, o evento contar\u00e1 ainda com o Encontro com o Minist\u00e9rio da Cultura, em duas partes (das 10h30 \u00e0s 12h30 e das 14h30 \u00e0s 18h), promovendo escuta ativa e constru\u00e7\u00e3o de agendas conjuntas entre o governo federal e os munic\u00edpios. \u00c0 noite, uma programa\u00e7\u00e3o cultural seguida de jantar celebrar\u00e1 as express\u00f5es art\u00edsticas locais e a diversidade da capital baiana.<\/p>\n<p style=\"text-align: left;\">A programa\u00e7\u00e3o inicia neste domingo (26), com o Festival Salvador Cidade da M\u00fasica, na Pra\u00e7a Maria Felipa, e segue at\u00e9 ter\u00e7a-feira (28), quando ser\u00e3o realizados o Painel sobre Indicadores e Cultura, o Painel da Rede Brasileira de Cidades Criativas da UNESCO e a Assembleia Geral do F\u00f3rum Nacional de Secret\u00e1rios de Cultura.<\/p>\n<p style=\"text-align: left;\">O encontro refor\u00e7a o papel de Salvador como refer\u00eancia em pol\u00edticas culturais e inova\u00e7\u00e3o no campo da economia criativa, fortalecendo a integra\u00e7\u00e3o entre munic\u00edpios e o Minist\u00e9rio da Cultura.<\/p>\n<\/div>\n<\/div>\n<\/div>\n<\/div>\n","protected":false},"excerpt":{"rendered":"<p>A capital baiana se torna, a partir desta segunda-feira (27), o centro do di\u00e1logo nacional sobre pol\u00edticas culturais, ao sediar o Encontro Nacional de Gestores Municipais de Cultura, que reunir\u00e1 secret\u00e1rios e secret\u00e1rias de diversas cidades brasileiras, representantes do Minist\u00e9rio da Cultura e institui\u00e7\u00f5es parceiras. As atividades ser\u00e3o realizadas na Casa das Hist\u00f3rias de Salvador, [&hellip;]<\/p>\n","protected":false},"author":1,"featured_media":14028,"comment_status":"open","ping_status":"closed","sticky":false,"template":"","format":"standard","meta":{"jnews-multi-image_gallery":[],"jnews_single_post":[],"jnews_primary_category":[],"footnotes":""},"categories":[96],"tags":[],"class_list":["post-14026","post","type-post","status-publish","format-standard","has-post-thumbnail","hentry","category-cultura"],"_links":{"self":[{"href":"https:\/\/cbxonline.com.br\/index.php\/wp-json\/wp\/v2\/posts\/14026","targetHints":{"allow":["GET"]}}],"collection":[{"href":"https:\/\/cbxonline.com.br\/index.php\/wp-json\/wp\/v2\/posts"}],"about":[{"href":"https:\/\/cbxonline.com.br\/index.php\/wp-json\/wp\/v2\/types\/post"}],"author":[{"embeddable":true,"href":"https:\/\/cbxonline.com.br\/index.php\/wp-json\/wp\/v2\/users\/1"}],"replies":[{"embeddable":true,"href":"https:\/\/cbxonline.com.br\/index.php\/wp-json\/wp\/v2\/comments?post=14026"}],"version-history":[{"count":1,"href":"https:\/\/cbxonline.com.br\/index.php\/wp-json\/wp\/v2\/posts\/14026\/revisions"}],"predecessor-version":[{"id":14027,"href":"https:\/\/cbxonline.com.br\/index.php\/wp-json\/wp\/v2\/posts\/14026\/revisions\/14027"}],"wp:featuredmedia":[{"embeddable":true,"href":"https:\/\/cbxonline.com.br\/index.php\/wp-json\/wp\/v2\/media\/14028"}],"wp:attachment":[{"href":"https:\/\/cbxonline.com.br\/index.php\/wp-json\/wp\/v2\/media?parent=14026"}],"wp:term":[{"taxonomy":"category","embeddable":true,"href":"https:\/\/cbxonline.com.br\/index.php\/wp-json\/wp\/v2\/categories?post=14026"},{"taxonomy":"post_tag","embeddable":true,"href":"https:\/\/cbxonline.com.br\/index.php\/wp-json\/wp\/v2\/tags?post=14026"}],"curies":[{"name":"wp","href":"https:\/\/api.w.org\/{rel}","templated":true}]}}