{"id":13875,"date":"2025-09-17T13:22:35","date_gmt":"2025-09-17T16:22:35","guid":{"rendered":"https:\/\/cbxonline.com.br\/?p=13875"},"modified":"2025-09-17T13:22:35","modified_gmt":"2025-09-17T16:22:35","slug":"obras-da-ponte-salvador-itaparica-comecam-ate-junho-de-2026-diz-secretario","status":"publish","type":"post","link":"https:\/\/cbxonline.com.br\/index.php\/2025\/09\/17\/obras-da-ponte-salvador-itaparica-comecam-ate-junho-de-2026-diz-secretario\/","title":{"rendered":"Obras da ponte Salvador-Itaparica come\u00e7am at\u00e9 junho de 2026, diz secret\u00e1rio"},"content":{"rendered":"<p>O secret\u00e1rio da Casa Civil, Afonso Florence, afirmou nesta quarta-feira (17) que as obras da ponte Salvador-Itaparica ser\u00e3o iniciadas at\u00e9 o m\u00eas de junho de 2026, como previsto no contrato assinado entre o governo do Estado e o cons\u00f3rcio respons\u00e1vel pela obra. \u201cPelo contrato, at\u00e9 4 de junho de [20]26, a obra tem que ter come\u00e7ado\u201d, disse o titular da pasta.<\/p>\n<p>Presente no evento de lan\u00e7amento do projeto de constru\u00e7\u00e3o da obra, promovido pelo Governo do Estado nesta quarta, na Assembleia Legislativa da Bahia (Alba), Florence pontuou que a constru\u00e7\u00e3o da Ponte \u00e9 apenas o primeiro est\u00e1gio de um projeto maior, o Sistema Vi\u00e1rio Oeste (SVO).<\/p>\n<p>\u201cA obre \u00e9 s\u00f3 uma parte de um grande sistema vi\u00e1rio, que permitir\u00e1 que Salvador expanda a Regi\u00e3o Metropolitana agora no sentido da Ilha [de Itaparica]. Se voc\u00ea observar as grandes cidades possuem 4 ou 5 acessos de grande trafego, Salvador s\u00f3 tem a BR-324. Agora, ter\u00e1 o Sistema Vi\u00e1rio Oeste (SVO)\u201d, detalhou o secret\u00e1rio.<\/p>\n<div>\n<div class=\"trv-player-container\">\n<div class=\"trv-wrapper\">\n<div id=\"br_video_player_87bbf45ebfae83feda5bfae75106029dc3c659f9\" class=\"trvd_video_player trvdinstream\">\n<div class=\"media-player\">\n<div class=\"trv-video\">Segundo Florence, al\u00e9m da constru\u00e7\u00e3o da ponte, outras obras vi\u00e1rias tamb\u00e9m integram o projeto, como a duplica\u00e7\u00e3o da Ponte do Funil, que conecta a Ilha de Itaparica ao munic\u00edpio de Jaguaripe, da BA-001 no trecho at\u00e9 Santo Ant\u00f4nio de Jesus, e depois at\u00e9 a regi\u00e3o de Paraguassu.<\/div>\n<\/div>\n<\/div>\n<\/div>\n<\/div>\n<\/div>\n","protected":false},"excerpt":{"rendered":"<p>O secret\u00e1rio da Casa Civil, Afonso Florence, afirmou nesta quarta-feira (17) que as obras da ponte Salvador-Itaparica ser\u00e3o iniciadas at\u00e9 o m\u00eas de junho de 2026, como previsto no contrato assinado entre o governo do Estado e o cons\u00f3rcio respons\u00e1vel pela obra. \u201cPelo contrato, at\u00e9 4 de junho de [20]26, a obra tem que ter [&hellip;]<\/p>\n","protected":false},"author":1,"featured_media":13877,"comment_status":"open","ping_status":"closed","sticky":false,"template":"","format":"standard","meta":{"jnews-multi-image_gallery":[],"jnews_single_post":[],"jnews_primary_category":[],"footnotes":""},"categories":[197],"tags":[],"class_list":["post-13875","post","type-post","status-publish","format-standard","has-post-thumbnail","hentry","category-ponte-salvador-itaparica"],"_links":{"self":[{"href":"https:\/\/cbxonline.com.br\/index.php\/wp-json\/wp\/v2\/posts\/13875","targetHints":{"allow":["GET"]}}],"collection":[{"href":"https:\/\/cbxonline.com.br\/index.php\/wp-json\/wp\/v2\/posts"}],"about":[{"href":"https:\/\/cbxonline.com.br\/index.php\/wp-json\/wp\/v2\/types\/post"}],"author":[{"embeddable":true,"href":"https:\/\/cbxonline.com.br\/index.php\/wp-json\/wp\/v2\/users\/1"}],"replies":[{"embeddable":true,"href":"https:\/\/cbxonline.com.br\/index.php\/wp-json\/wp\/v2\/comments?post=13875"}],"version-history":[{"count":1,"href":"https:\/\/cbxonline.com.br\/index.php\/wp-json\/wp\/v2\/posts\/13875\/revisions"}],"predecessor-version":[{"id":13876,"href":"https:\/\/cbxonline.com.br\/index.php\/wp-json\/wp\/v2\/posts\/13875\/revisions\/13876"}],"wp:featuredmedia":[{"embeddable":true,"href":"https:\/\/cbxonline.com.br\/index.php\/wp-json\/wp\/v2\/media\/13877"}],"wp:attachment":[{"href":"https:\/\/cbxonline.com.br\/index.php\/wp-json\/wp\/v2\/media?parent=13875"}],"wp:term":[{"taxonomy":"category","embeddable":true,"href":"https:\/\/cbxonline.com.br\/index.php\/wp-json\/wp\/v2\/categories?post=13875"},{"taxonomy":"post_tag","embeddable":true,"href":"https:\/\/cbxonline.com.br\/index.php\/wp-json\/wp\/v2\/tags?post=13875"}],"curies":[{"name":"wp","href":"https:\/\/api.w.org\/{rel}","templated":true}]}}