{"id":13600,"date":"2025-08-13T12:42:23","date_gmt":"2025-08-13T15:42:23","guid":{"rendered":"https:\/\/cbxonline.com.br\/?p=13600"},"modified":"2025-08-13T12:42:24","modified_gmt":"2025-08-13T15:42:24","slug":"irma-dulce-primeira-santa-brasileira-e-celebrada-neste-13-de-agosto","status":"publish","type":"post","link":"https:\/\/cbxonline.com.br\/index.php\/2025\/08\/13\/irma-dulce-primeira-santa-brasileira-e-celebrada-neste-13-de-agosto\/","title":{"rendered":"Irm\u00e3 Dulce, primeira santa brasileira, \u00e9 celebrada neste 13 de agosto"},"content":{"rendered":"<p><span style=\"font-size: 16px;\">Irm\u00e3 Dulce, nascida Maria Rita de Souza Brito Lopes Pontes, em Salvador, no dia 26 de maio de 1914, ficou conhecida como o \u201cAnjo Bom da Bahia\u201d. Desde a inf\u00e2ncia, demonstrava um forte desejo de seguir a vida religiosa e, j\u00e1 na adolesc\u00eancia, come\u00e7ou a cuidar de pobres, doentes e pessoas em situa\u00e7\u00e3o de rua.<\/span><\/p>\n<div class=\"materia\">\n<div class=\"conteudo_post\">\n<p data-start=\"76\" data-end=\"723\">Mesmo tendo sido recusada em um convento por ser muito jovem, ela persistiu em sua voca\u00e7\u00e3o e, em 1933, ingressou na Congrega\u00e7\u00e3o das Irm\u00e3s Mission\u00e1rias da Imaculada Concei\u00e7\u00e3o da M\u00e3e de Deus. Um ano depois, fez seus votos e passou a ser chamada de Irm\u00e3 Dulce, em homenagem \u00e0 sua m\u00e3e.<\/p>\n<p data-start=\"725\" data-end=\"1356\"><strong data-start=\"725\" data-end=\"758\">Obra que salva vidas<\/strong><\/p>\n<p data-start=\"725\" data-end=\"1356\">Ao longo de mais de 50 anos de miss\u00e3o, Irm\u00e3 Dulce fundou e desenvolveu importantes projetos sociais. Em 1936, criou a Uni\u00e3o Oper\u00e1ria S\u00e3o Francisco e, logo depois, o Col\u00e9gio Santo Ant\u00f4nio, voltado para filhos de oper\u00e1rios.<\/p>\n<p data-start=\"725\" data-end=\"1356\">Seu maior legado foi o albergue para doentes instalado nos fundos do convento de Santo Ant\u00f4nio, que, com o tempo, se transformou no Hospital Santo Ant\u00f4nio \u2013 hoje parte das Obras Sociais Irm\u00e3 Dulce (OSID), um dos maiores complexos filantr\u00f3picos do Brasil. A institui\u00e7\u00e3o atende gratuitamente milhares de pessoas diariamente e \u00e9 refer\u00eancia nacional em sa\u00fade e inclus\u00e3o social.<\/p>\n<p data-start=\"1358\" data-end=\"1828\"><strong data-start=\"1358\" data-end=\"1399\">A data<\/strong><\/p>\n<p data-start=\"1358\" data-end=\"1828\">O n\u00famero 13 carrega um simbolismo curioso e marcante na trajet\u00f3ria de Irm\u00e3 Dulce. Ela faleceu em um dia 13, no m\u00eas de mar\u00e7o de 1992. Foi canonizada tamb\u00e9m em um dia 13, em outubro de 2019, pelo Papa Francisco.<\/p>\n<p data-start=\"1358\" data-end=\"1828\">Muitos devotos veem nesse n\u00famero um sinal da presen\u00e7a divina em sua miss\u00e3o. N\u00e3o por acaso, v\u00e1rias celebra\u00e7\u00f5es em sua homenagem acontecem nessa data, como o \u201cDia da Santa Dulce dos Pobres\u201d, lembrado todo 13 de agosto, data da sua ordena\u00e7\u00e3o como freira em 1933.<\/p>\n<p data-start=\"1830\" data-end=\"2387\"><strong data-start=\"1830\" data-end=\"1870\">Admiradores famosos e apoio cont\u00ednuo<\/strong><\/p>\n<p data-start=\"1830\" data-end=\"2387\">A obra de Irm\u00e3 Dulce segue viva, gra\u00e7as n\u00e3o apenas ao trabalho dos religiosos e volunt\u00e1rios, mas tamb\u00e9m ao apoio de admiradores famosos. Um dos nomes mais reconhecidos \u00e9 o do escritor Paulo Coelho, que j\u00e1 ajudou financeiramente as Obras Sociais Irm\u00e3 Dulce e, em diversas ocasi\u00f5es, exaltou a vida da santa baiana como exemplo de caridade, f\u00e9 e compaix\u00e3o.<\/p>\n<p data-start=\"1830\" data-end=\"2387\">Outros artistas e personalidades p\u00fablicas, como os j\u00e1 falecidos Paulo Gustavo e Preta Gil, tamb\u00e9m colaboram com doa\u00e7\u00f5es e eventos beneficentes que ajudam a manter viva a miss\u00e3o de cuidar dos mais necessitados.<\/p>\n<p data-start=\"2389\" data-end=\"2930\" data-is-last-node=\"\" data-is-only-node=\"\"><strong data-start=\"2389\" data-end=\"2417\">Milagres reconhecidos pela Igreja Cat\u00f3lica<\/strong><\/p>\n<p data-start=\"2389\" data-end=\"2930\" data-is-last-node=\"\" data-is-only-node=\"\">Irm\u00e3 Dulce foi beatificada pela Igreja Cat\u00f3lica Apost\u00f3lica Romana em 2011, ap\u00f3s o reconhecimento de um milagre relacionado \u00e0 recupera\u00e7\u00e3o de uma mulher que estava desenganada ap\u00f3s o parto. Em 2019, teve um segundo milagre reconhecido \u2013 a cura inexplic\u00e1vel de um homem cego h\u00e1 14 anos.<\/p>\n<p data-start=\"2389\" data-end=\"2930\" data-is-last-node=\"\" data-is-only-node=\"\">Esses dois milagres reconhecidos pela Igreja de Roma abriram caminho para sua canoniza\u00e7\u00e3o. Hoje, Santa Dulce dos Pobres \u00e9 a primeira santa nascida no Brasil, s\u00edmbolo de f\u00e9, compaix\u00e3o e servi\u00e7o ao pr\u00f3ximo.<\/p>\n<\/div>\n<div class=\"ui items\">\n<div class=\"item\"><\/div>\n<\/div>\n<\/div>\n","protected":false},"excerpt":{"rendered":"<p>Irm\u00e3 Dulce, nascida Maria Rita de Souza Brito Lopes Pontes, em Salvador, no dia 26 de maio de 1914, ficou conhecida como o \u201cAnjo Bom da Bahia\u201d. Desde a inf\u00e2ncia, demonstrava um forte desejo de seguir a vida religiosa e, j\u00e1 na adolesc\u00eancia, come\u00e7ou a cuidar de pobres, doentes e pessoas em situa\u00e7\u00e3o de rua. [&hellip;]<\/p>\n","protected":false},"author":1,"featured_media":13602,"comment_status":"open","ping_status":"closed","sticky":false,"template":"","format":"standard","meta":{"jnews-multi-image_gallery":[],"jnews_single_post":[],"jnews_primary_category":[],"footnotes":""},"categories":[232],"tags":[],"class_list":["post-13600","post","type-post","status-publish","format-standard","has-post-thumbnail","hentry","category-santa-dulce"],"_links":{"self":[{"href":"https:\/\/cbxonline.com.br\/index.php\/wp-json\/wp\/v2\/posts\/13600","targetHints":{"allow":["GET"]}}],"collection":[{"href":"https:\/\/cbxonline.com.br\/index.php\/wp-json\/wp\/v2\/posts"}],"about":[{"href":"https:\/\/cbxonline.com.br\/index.php\/wp-json\/wp\/v2\/types\/post"}],"author":[{"embeddable":true,"href":"https:\/\/cbxonline.com.br\/index.php\/wp-json\/wp\/v2\/users\/1"}],"replies":[{"embeddable":true,"href":"https:\/\/cbxonline.com.br\/index.php\/wp-json\/wp\/v2\/comments?post=13600"}],"version-history":[{"count":1,"href":"https:\/\/cbxonline.com.br\/index.php\/wp-json\/wp\/v2\/posts\/13600\/revisions"}],"predecessor-version":[{"id":13601,"href":"https:\/\/cbxonline.com.br\/index.php\/wp-json\/wp\/v2\/posts\/13600\/revisions\/13601"}],"wp:featuredmedia":[{"embeddable":true,"href":"https:\/\/cbxonline.com.br\/index.php\/wp-json\/wp\/v2\/media\/13602"}],"wp:attachment":[{"href":"https:\/\/cbxonline.com.br\/index.php\/wp-json\/wp\/v2\/media?parent=13600"}],"wp:term":[{"taxonomy":"category","embeddable":true,"href":"https:\/\/cbxonline.com.br\/index.php\/wp-json\/wp\/v2\/categories?post=13600"},{"taxonomy":"post_tag","embeddable":true,"href":"https:\/\/cbxonline.com.br\/index.php\/wp-json\/wp\/v2\/tags?post=13600"}],"curies":[{"name":"wp","href":"https:\/\/api.w.org\/{rel}","templated":true}]}}