{"id":13537,"date":"2025-08-05T13:57:13","date_gmt":"2025-08-05T16:57:13","guid":{"rendered":"https:\/\/cbxonline.com.br\/?p=13537"},"modified":"2025-08-05T13:57:14","modified_gmt":"2025-08-05T16:57:14","slug":"festival-distribuira-10-mil-acarajes-gratuitamente-no-centro-historico-de-salvador","status":"publish","type":"post","link":"https:\/\/cbxonline.com.br\/index.php\/2025\/08\/05\/festival-distribuira-10-mil-acarajes-gratuitamente-no-centro-historico-de-salvador\/","title":{"rendered":"Festival distribuir\u00e1 10 mil acaraj\u00e9s gratuitamente no Centro Hist\u00f3rico de Salvador"},"content":{"rendered":"<p><span style=\"font-size: 16px;\">A s\u00e9tima edi\u00e7\u00e3o do Festival de Acaraj\u00e9, organizado pela Associa\u00e7\u00e3o Nacional das Baianas de Acaraj\u00e9, Mingau, Receptivos e Similares, ocorre neste domingo (10), data que celebra o Dia dos Pais, das 14h \u00e0s 18h, no Memorial das Baianas, que fica na Pra\u00e7a da Cruz Ca\u00edda, no Centro Hist\u00f3rico de Salvador.<\/span><\/p>\n<div class=\"materia\">\n<div class=\"conteudo_post\">\n<p>Segundo mat\u00e9ria do portal Al\u00f4 Al\u00f4 Bahia, a programa\u00e7\u00e3o do evento inclui um samba de roda, manifesta\u00e7\u00f5es de cultura popular e distribui\u00e7\u00e3o gratuita de 10 mil acaraj\u00e9s preparados por baianas associadas da Abam. A a\u00e7\u00e3o ocorre em homenagem ao Dia da Mulher Negra Latino-Americana e Caribenha, celebrado no dia 25 de julho.<\/p>\n<p>O projeto visa refor\u00e7ar a import\u00e2ncia hist\u00f3rica das baianas de acaraj\u00e9 como primeiras empreendedoras do pa\u00eds.<\/p>\n<p>Al\u00e9m disso, \u00e9 poss\u00edvel contribuir voluntariamente por meio de doa\u00e7\u00f5es via Pix (719990-3488) ou transfer\u00eancia banc\u00e1ria para a conta da associa\u00e7\u00e3o (Caixa Econ\u00f4mica Federal \u2013 Ag\u00eancia: 4802 | OP: 003 | Conta Corrente: 00056-1 | CNPJ: 02.561.067\/0001-20).<\/p>\n<p><strong>Confira a programa\u00e7\u00e3o:<\/strong><\/p>\n<p>14h \u2013 Abertura oficial do festival<\/p>\n<p>14h \u2013 In\u00edcio da distribui\u00e7\u00e3o de 10 mil acaraj\u00e9s<\/p>\n<p>14h \u2013 Apresenta\u00e7\u00e3o de grupo de samba de roda<\/p>\n<p>16h \u2013 Apresenta\u00e7\u00e3o de grupo de cultura popular<\/p>\n<p>18h \u2013 Encerramento<\/p>\n<p>O Memorial das Baianas tamb\u00e9m \u00e9 sede d\u00e9 sede daa Abam e visa a preserva\u00e7\u00e3o e valoriza\u00e7\u00e3o do of\u00edcio das baianas de acaraj\u00e9, mulheres negras respons\u00e1veis por manter as tradi\u00e7\u00f5es culin\u00e1rias e culturais de matriz africana no Brasil vivas.<\/p>\n<\/div>\n<\/div>\n","protected":false},"excerpt":{"rendered":"<p>A s\u00e9tima edi\u00e7\u00e3o do Festival de Acaraj\u00e9, organizado pela Associa\u00e7\u00e3o Nacional das Baianas de Acaraj\u00e9, Mingau, Receptivos e Similares, ocorre neste domingo (10), data que celebra o Dia dos Pais, das 14h \u00e0s 18h, no Memorial das Baianas, que fica na Pra\u00e7a da Cruz Ca\u00edda, no Centro Hist\u00f3rico de Salvador. Segundo mat\u00e9ria do portal Al\u00f4 [&hellip;]<\/p>\n","protected":false},"author":1,"featured_media":13539,"comment_status":"open","ping_status":"closed","sticky":false,"template":"","format":"standard","meta":{"jnews-multi-image_gallery":[],"jnews_single_post":[],"jnews_primary_category":[],"footnotes":""},"categories":[85],"tags":[],"class_list":["post-13537","post","type-post","status-publish","format-standard","has-post-thumbnail","hentry","category-noticias"],"_links":{"self":[{"href":"https:\/\/cbxonline.com.br\/index.php\/wp-json\/wp\/v2\/posts\/13537","targetHints":{"allow":["GET"]}}],"collection":[{"href":"https:\/\/cbxonline.com.br\/index.php\/wp-json\/wp\/v2\/posts"}],"about":[{"href":"https:\/\/cbxonline.com.br\/index.php\/wp-json\/wp\/v2\/types\/post"}],"author":[{"embeddable":true,"href":"https:\/\/cbxonline.com.br\/index.php\/wp-json\/wp\/v2\/users\/1"}],"replies":[{"embeddable":true,"href":"https:\/\/cbxonline.com.br\/index.php\/wp-json\/wp\/v2\/comments?post=13537"}],"version-history":[{"count":1,"href":"https:\/\/cbxonline.com.br\/index.php\/wp-json\/wp\/v2\/posts\/13537\/revisions"}],"predecessor-version":[{"id":13538,"href":"https:\/\/cbxonline.com.br\/index.php\/wp-json\/wp\/v2\/posts\/13537\/revisions\/13538"}],"wp:featuredmedia":[{"embeddable":true,"href":"https:\/\/cbxonline.com.br\/index.php\/wp-json\/wp\/v2\/media\/13539"}],"wp:attachment":[{"href":"https:\/\/cbxonline.com.br\/index.php\/wp-json\/wp\/v2\/media?parent=13537"}],"wp:term":[{"taxonomy":"category","embeddable":true,"href":"https:\/\/cbxonline.com.br\/index.php\/wp-json\/wp\/v2\/categories?post=13537"},{"taxonomy":"post_tag","embeddable":true,"href":"https:\/\/cbxonline.com.br\/index.php\/wp-json\/wp\/v2\/tags?post=13537"}],"curies":[{"name":"wp","href":"https:\/\/api.w.org\/{rel}","templated":true}]}}