{"id":13513,"date":"2025-08-01T15:36:50","date_gmt":"2025-08-01T18:36:50","guid":{"rendered":"https:\/\/cbxonline.com.br\/?p=13513"},"modified":"2025-08-01T15:36:50","modified_gmt":"2025-08-01T18:36:50","slug":"bruno-reis-anuncia-desapropriacao-da-casa-de-irma-dulce-para-criacao-de-memorial-no-barbalho","status":"publish","type":"post","link":"https:\/\/cbxonline.com.br\/index.php\/2025\/08\/01\/bruno-reis-anuncia-desapropriacao-da-casa-de-irma-dulce-para-criacao-de-memorial-no-barbalho\/","title":{"rendered":"Bruno Reis anuncia desapropria\u00e7\u00e3o da casa de Irm\u00e3 Dulce para cria\u00e7\u00e3o de memorial no Barbalho"},"content":{"rendered":"<div class=\"materia\">\n<div class=\"conteudo_post\">\n<p>O prefeito de Salvador, Bruno Reis (Uni\u00e3o Brasil), anunciou nesta sexta-feira (1\u00ba) a desapropria\u00e7\u00e3o da casa onde nasceu e viveu Irm\u00e3 Dulce, no bairro do Barbalho, para transform\u00e1-la em um memorial dedicado \u00e0 primeira santa brasileira. O an\u00fancio foi feito durante o in\u00edcio da Trezena de Santa Dulce dos Pobres, com celebra\u00e7\u00f5es religiosas e culturais que seguem at\u00e9 o dia 13 de agosto.<\/p>\n<p>\u201cJ\u00e1 baixei o decreto e estou comunicando a desapropria\u00e7\u00e3o da casa onde Santa Dulce nasceu e morou no Barbalho, que ser\u00e1 um memorial\u201d, afirmou o prefeito, durante evento no Santu\u00e1rio Santa Dulce dos Pobres, no Largo de Roma. A proposta \u00e9 integrar o novo espa\u00e7o ao conjunto de homenagens j\u00e1 existentes \u00e0 religiosa, cuja obra social se tornou refer\u00eancia no pa\u00eds.<\/p>\n<p>Al\u00e9m da desapropria\u00e7\u00e3o, o prefeito tamb\u00e9m anunciou a entrega da Pra\u00e7a Bom Viver, voltada para pessoas da terceira idade, localizada no Centro de Geriatria e Gerontologia das Obras Sociais Irm\u00e3 Dulce (Osid). A constru\u00e7\u00e3o foi viabilizada com recursos do Fundo Municipal do Idoso. O prefeito tamb\u00e9m assinou conv\u00eanios com a Osid para novos projetos sociais.<\/p>\n<p>\u201cEsse \u00e9 um momento de celebra\u00e7\u00e3o e de entrega. Vamos apresentar o projeto da nova pra\u00e7a, que ser\u00e1 integrada ao santu\u00e1rio, e, mesmo antes da conclus\u00e3o da parte or\u00e7ament\u00e1ria, vamos executar uma grande obra para melhorar a estrutura de acolhimento aos milhares de visitantes que v\u00eam por f\u00e9 e religiosidade visitar o santu\u00e1rio de Santa Dulce\u201d, disse.<\/p>\n<p>A Festa de Santa Dulce dos Pobres conta com programa\u00e7\u00e3o religiosa e cultural, incluindo carreatas, caminhadas, missas e apresenta\u00e7\u00f5es art\u00edsticas, reunindo fi\u00e9is de todo o pa\u00eds.<\/p>\n<\/div>\n<\/div>\n","protected":false},"excerpt":{"rendered":"<p>O prefeito de Salvador, Bruno Reis (Uni\u00e3o Brasil), anunciou nesta sexta-feira (1\u00ba) a desapropria\u00e7\u00e3o da casa onde nasceu e viveu Irm\u00e3 Dulce, no bairro do Barbalho, para transform\u00e1-la em um memorial dedicado \u00e0 primeira santa brasileira. O an\u00fancio foi feito durante o in\u00edcio da Trezena de Santa Dulce dos Pobres, com celebra\u00e7\u00f5es religiosas e culturais [&hellip;]<\/p>\n","protected":false},"author":1,"featured_media":13515,"comment_status":"open","ping_status":"closed","sticky":false,"template":"","format":"standard","meta":{"jnews-multi-image_gallery":[],"jnews_single_post":[],"jnews_primary_category":[],"footnotes":""},"categories":[85],"tags":[],"class_list":["post-13513","post","type-post","status-publish","format-standard","has-post-thumbnail","hentry","category-noticias"],"_links":{"self":[{"href":"https:\/\/cbxonline.com.br\/index.php\/wp-json\/wp\/v2\/posts\/13513","targetHints":{"allow":["GET"]}}],"collection":[{"href":"https:\/\/cbxonline.com.br\/index.php\/wp-json\/wp\/v2\/posts"}],"about":[{"href":"https:\/\/cbxonline.com.br\/index.php\/wp-json\/wp\/v2\/types\/post"}],"author":[{"embeddable":true,"href":"https:\/\/cbxonline.com.br\/index.php\/wp-json\/wp\/v2\/users\/1"}],"replies":[{"embeddable":true,"href":"https:\/\/cbxonline.com.br\/index.php\/wp-json\/wp\/v2\/comments?post=13513"}],"version-history":[{"count":1,"href":"https:\/\/cbxonline.com.br\/index.php\/wp-json\/wp\/v2\/posts\/13513\/revisions"}],"predecessor-version":[{"id":13514,"href":"https:\/\/cbxonline.com.br\/index.php\/wp-json\/wp\/v2\/posts\/13513\/revisions\/13514"}],"wp:featuredmedia":[{"embeddable":true,"href":"https:\/\/cbxonline.com.br\/index.php\/wp-json\/wp\/v2\/media\/13515"}],"wp:attachment":[{"href":"https:\/\/cbxonline.com.br\/index.php\/wp-json\/wp\/v2\/media?parent=13513"}],"wp:term":[{"taxonomy":"category","embeddable":true,"href":"https:\/\/cbxonline.com.br\/index.php\/wp-json\/wp\/v2\/categories?post=13513"},{"taxonomy":"post_tag","embeddable":true,"href":"https:\/\/cbxonline.com.br\/index.php\/wp-json\/wp\/v2\/tags?post=13513"}],"curies":[{"name":"wp","href":"https:\/\/api.w.org\/{rel}","templated":true}]}}