{"id":13456,"date":"2025-07-28T13:52:10","date_gmt":"2025-07-28T16:52:10","guid":{"rendered":"https:\/\/cbxonline.com.br\/?p=13456"},"modified":"2025-07-28T13:52:10","modified_gmt":"2025-07-28T16:52:10","slug":"investimentos-no-centro-historico-ultrapassam-r15-bilhao-diz-prefeitura","status":"publish","type":"post","link":"https:\/\/cbxonline.com.br\/index.php\/2025\/07\/28\/investimentos-no-centro-historico-ultrapassam-r15-bilhao-diz-prefeitura\/","title":{"rendered":"Investimentos no Centro Hist\u00f3rico ultrapassam R$1,5 bilh\u00e3o, diz prefeitura"},"content":{"rendered":"<div class=\"materia\">\n<div class=\"conteudo_post\">\n<p>O prefeito de Salvador, Bruno Reis (Uni\u00e3o Brasil), afirmou nesta segunda-feira (28) que a gest\u00e3o municipal j\u00e1 investiu mais de R$1,5 bilh\u00e3o na recupera\u00e7\u00e3o do Centro Hist\u00f3rico da capital baiana nos \u00faltimos anos. Ainda como parte da estrat\u00e9gia de resgate da regi\u00e3o, a Prefeitura j\u00e1 tem 90% dos seus \u00f3rg\u00e3os em funcionamento nesta \u00e1rea da cidade, segundo o gestor.<\/p>\n<p>Durante o lan\u00e7amento do Roda, projeto de coleta seletiva porta a porta, o prefeito refor\u00e7ou a necessidade de parceria com a iniciativa privada para estimular ainda mais o desenvolvimento e a revitaliza\u00e7\u00e3o do Centro Hist\u00f3rico. \u201cQuando a gente lan\u00e7a mais um programa aqui para o Centro Hist\u00f3rico, o Roda, \u00e9 para estimular ainda mais e fazer com que a iniciativa privada acredite no Centro, a partir da mudan\u00e7a que n\u00f3s estamos fazendo\u201d, disse o chefe do Executivo municipal.<\/p>\n<div>\n<div class=\"trv-player-container\">\n<div class=\"trv-wrapper\">\n<div id=\"br_video_player_f8cb41e64a06380bbf78b1a293107c9dc3c659f9\" class=\"trvd_video_player trvdfloater trv-right\">\n<div class=\"loader-bg-transparent\">\n<div class=\"loader-transparent\">O prefeito informou que na \u00faltima semana, esteve reunido com integrantes da Associa\u00e7\u00e3o de Dirigentes de Empresas do Mercado Imobili\u00e1rio da Bahia (Ademi-BA), Sindicato da Ind\u00fastria da Constru\u00e7\u00e3o do Estado da Bahia (Sinduscon) e Associa\u00e7\u00e3o Bahiana de Supermercados (Abase). \u201cConclamei os empres\u00e1rios locais a investirem no Centro Hist\u00f3rico, a acreditarem nos projetos que n\u00f3s estamos desenvolvendo. Precisamos tamb\u00e9m da presen\u00e7a das pessoas, do investimento privado, porque sozinho o poder p\u00fablico n\u00e3o vai conseguir\u201d, afirmou.<\/div>\n<\/div>\n<\/div>\n<\/div>\n<\/div>\n<\/div>\n<p>\u201cO nosso ex-secret\u00e1rio de Cultura, Pedro Tourinho, que Ana Paula est\u00e1 tendo a miss\u00e3o de suceder, dizia isso muito bem: \u2018se o Centro n\u00e3o estiver bem resolvido, n\u00e3o tem como a cidade estar bem resolvida\u2019. Com f\u00e9 em Deus, eu quero, ao final do meu mandato, com o conjunto de investimentos que vamos ainda fazer, deixar um legado para essa cidade, que \u00e9 o resgate do Centro Hist\u00f3rico. E esse programa de reciclagem, o Roda, vai contribuir muito para isso\u201d, pontuou o prefeito.<\/p>\n<\/div>\n<\/div>\n","protected":false},"excerpt":{"rendered":"<p>O prefeito de Salvador, Bruno Reis (Uni\u00e3o Brasil), afirmou nesta segunda-feira (28) que a gest\u00e3o municipal j\u00e1 investiu mais de R$1,5 bilh\u00e3o na recupera\u00e7\u00e3o do Centro Hist\u00f3rico da capital baiana nos \u00faltimos anos. Ainda como parte da estrat\u00e9gia de resgate da regi\u00e3o, a Prefeitura j\u00e1 tem 90% dos seus \u00f3rg\u00e3os em funcionamento nesta \u00e1rea da [&hellip;]<\/p>\n","protected":false},"author":1,"featured_media":13458,"comment_status":"open","ping_status":"closed","sticky":false,"template":"","format":"standard","meta":{"jnews-multi-image_gallery":[],"jnews_single_post":[],"jnews_primary_category":[],"footnotes":""},"categories":[85],"tags":[],"class_list":["post-13456","post","type-post","status-publish","format-standard","has-post-thumbnail","hentry","category-noticias"],"_links":{"self":[{"href":"https:\/\/cbxonline.com.br\/index.php\/wp-json\/wp\/v2\/posts\/13456","targetHints":{"allow":["GET"]}}],"collection":[{"href":"https:\/\/cbxonline.com.br\/index.php\/wp-json\/wp\/v2\/posts"}],"about":[{"href":"https:\/\/cbxonline.com.br\/index.php\/wp-json\/wp\/v2\/types\/post"}],"author":[{"embeddable":true,"href":"https:\/\/cbxonline.com.br\/index.php\/wp-json\/wp\/v2\/users\/1"}],"replies":[{"embeddable":true,"href":"https:\/\/cbxonline.com.br\/index.php\/wp-json\/wp\/v2\/comments?post=13456"}],"version-history":[{"count":1,"href":"https:\/\/cbxonline.com.br\/index.php\/wp-json\/wp\/v2\/posts\/13456\/revisions"}],"predecessor-version":[{"id":13457,"href":"https:\/\/cbxonline.com.br\/index.php\/wp-json\/wp\/v2\/posts\/13456\/revisions\/13457"}],"wp:featuredmedia":[{"embeddable":true,"href":"https:\/\/cbxonline.com.br\/index.php\/wp-json\/wp\/v2\/media\/13458"}],"wp:attachment":[{"href":"https:\/\/cbxonline.com.br\/index.php\/wp-json\/wp\/v2\/media?parent=13456"}],"wp:term":[{"taxonomy":"category","embeddable":true,"href":"https:\/\/cbxonline.com.br\/index.php\/wp-json\/wp\/v2\/categories?post=13456"},{"taxonomy":"post_tag","embeddable":true,"href":"https:\/\/cbxonline.com.br\/index.php\/wp-json\/wp\/v2\/tags?post=13456"}],"curies":[{"name":"wp","href":"https:\/\/api.w.org\/{rel}","templated":true}]}}