{"id":13451,"date":"2025-07-25T13:50:16","date_gmt":"2025-07-25T16:50:16","guid":{"rendered":"https:\/\/cbxonline.com.br\/?p=13451"},"modified":"2025-07-25T13:50:16","modified_gmt":"2025-07-25T16:50:16","slug":"santuario-santa-dulce-dos-pobres-realiza-missa-de-7o-dia-em-memoria-de-preta-gil","status":"publish","type":"post","link":"https:\/\/cbxonline.com.br\/index.php\/2025\/07\/25\/santuario-santa-dulce-dos-pobres-realiza-missa-de-7o-dia-em-memoria-de-preta-gil\/","title":{"rendered":"Santu\u00e1rio Santa Dulce dos Pobres realiza missa de 7\u00ba dia em mem\u00f3ria de Preta Gil"},"content":{"rendered":"<p>Uma missa de s\u00e9timo dia em mem\u00f3ria da cantora Preta Gil ser\u00e1 realizada neste s\u00e1bado (26), \u00e0s 16h, no Santu\u00e1rio Santa Dulce dos Pobres, localizado no Largo de Roma, em Salvador. A cerim\u00f4nia ser\u00e1 presidida pelo padre L\u00e1zaro Muniz. A artista faleceu no \u00faltimo domingo, aos 50 anos, ap\u00f3s complica\u00e7\u00f5es em decorr\u00eancia de um c\u00e2ncer.<\/p>\n<p>Devota de Santa Dulce dos Pobres e apoiadora das Obras Sociais Irm\u00e3 Dulce (OSID), Preta Gil promoveu nos \u00faltimos anos diversas a\u00e7\u00f5es solid\u00e1rias em prol da institui\u00e7\u00e3o fundada pelo Anjo Bom. Entre essas iniciativas, destacam-se dois bazares beneficentes que juntos arrecadaram cerca de R$ 21 mil, valor destinado ao custeio de despesas essenciais, como a compra de medicamentos e material hospitalar. A artista realizou tamb\u00e9m uma live musical em benef\u00edcio da entidade baiana, resultando na arrecada\u00e7\u00e3o de aproximadamente R$ 11.500, valor direcionado ao projeto do Hospital de Olhos da OSID, unidade atualmente em fase de constru\u00e7\u00e3o.<\/p>\n<p>\u201cAtrav\u00e9s desse amor pelas Obras Sociais de Santa Dulce dos Pobres e por todos os acolhidos pela institui\u00e7\u00e3o, Preta Gil deu continuidade ao legado do tamb\u00e9m querido e saudoso amigo Paulo Gustavo. S\u00e3o pessoas do bem, que tiveram uma passagem muito r\u00e1pida por essa vida, mas que conseguiram deixar suas marcas, a partir de uma caminhada de amor ao pr\u00f3ximo, respeito \u00e0 diversidade, empatia e compaix\u00e3o &#8211; ou seja, todos os valores que Santa Dulce pregou em vida\u201d, ressalta Maria Rita Pontes, superintendente das Obras Sociais Irm\u00e3 Dulce.<\/p>\n","protected":false},"excerpt":{"rendered":"<p>Uma missa de s\u00e9timo dia em mem\u00f3ria da cantora Preta Gil ser\u00e1 realizada neste s\u00e1bado (26), \u00e0s 16h, no Santu\u00e1rio Santa Dulce dos Pobres, localizado no Largo de Roma, em Salvador. A cerim\u00f4nia ser\u00e1 presidida pelo padre L\u00e1zaro Muniz. A artista faleceu no \u00faltimo domingo, aos 50 anos, ap\u00f3s complica\u00e7\u00f5es em decorr\u00eancia de um c\u00e2ncer. [&hellip;]<\/p>\n","protected":false},"author":1,"featured_media":13412,"comment_status":"open","ping_status":"closed","sticky":false,"template":"","format":"standard","meta":{"jnews-multi-image_gallery":[],"jnews_single_post":[],"jnews_primary_category":[],"footnotes":""},"categories":[85],"tags":[],"class_list":["post-13451","post","type-post","status-publish","format-standard","has-post-thumbnail","hentry","category-noticias"],"_links":{"self":[{"href":"https:\/\/cbxonline.com.br\/index.php\/wp-json\/wp\/v2\/posts\/13451","targetHints":{"allow":["GET"]}}],"collection":[{"href":"https:\/\/cbxonline.com.br\/index.php\/wp-json\/wp\/v2\/posts"}],"about":[{"href":"https:\/\/cbxonline.com.br\/index.php\/wp-json\/wp\/v2\/types\/post"}],"author":[{"embeddable":true,"href":"https:\/\/cbxonline.com.br\/index.php\/wp-json\/wp\/v2\/users\/1"}],"replies":[{"embeddable":true,"href":"https:\/\/cbxonline.com.br\/index.php\/wp-json\/wp\/v2\/comments?post=13451"}],"version-history":[{"count":1,"href":"https:\/\/cbxonline.com.br\/index.php\/wp-json\/wp\/v2\/posts\/13451\/revisions"}],"predecessor-version":[{"id":13452,"href":"https:\/\/cbxonline.com.br\/index.php\/wp-json\/wp\/v2\/posts\/13451\/revisions\/13452"}],"wp:featuredmedia":[{"embeddable":true,"href":"https:\/\/cbxonline.com.br\/index.php\/wp-json\/wp\/v2\/media\/13412"}],"wp:attachment":[{"href":"https:\/\/cbxonline.com.br\/index.php\/wp-json\/wp\/v2\/media?parent=13451"}],"wp:term":[{"taxonomy":"category","embeddable":true,"href":"https:\/\/cbxonline.com.br\/index.php\/wp-json\/wp\/v2\/categories?post=13451"},{"taxonomy":"post_tag","embeddable":true,"href":"https:\/\/cbxonline.com.br\/index.php\/wp-json\/wp\/v2\/tags?post=13451"}],"curies":[{"name":"wp","href":"https:\/\/api.w.org\/{rel}","templated":true}]}}