{"id":13258,"date":"2025-07-01T15:03:30","date_gmt":"2025-07-01T18:03:30","guid":{"rendered":"https:\/\/cbxonline.com.br\/?p=13258"},"modified":"2025-07-01T15:03:31","modified_gmt":"2025-07-01T18:03:31","slug":"casarao-e-demolido-no-santo-antonio-alem-do-carmo-e-transito-e-liberado-na-regiao","status":"publish","type":"post","link":"https:\/\/cbxonline.com.br\/index.php\/2025\/07\/01\/casarao-e-demolido-no-santo-antonio-alem-do-carmo-e-transito-e-liberado-na-regiao\/","title":{"rendered":"Casar\u00e3o \u00e9 demolido no Santo Ant\u00f4nio Al\u00e9m do Carmo e tr\u00e2nsito \u00e9 liberado na regi\u00e3o"},"content":{"rendered":"<p>A demoli\u00e7\u00e3o do casar\u00e3o que desabou parcialmente ap\u00f3s um inc\u00eandio no bairro Santo Ant\u00f4nio Al\u00e9m do Carmo, em Salvador, foi conclu\u00edda nesta segunda-feira (30). A opera\u00e7\u00e3o foi coordenada pela Defesa Civil de Salvador (Codesal), em parceria com a Secretaria Municipal de Desenvolvimento e Urbanismo (Sedur). Com o fim dos trabalhos, o tr\u00e2nsito na Rua dos Perd\u00f5es foi totalmente liberado.<\/p>\n<p>O im\u00f3vel havia sido interditado desde fevereiro, quando foi atingido por um inc\u00eandio. A estrutura, j\u00e1 comprometida, sofreu novo colapso em junho, levando \u00e0 decis\u00e3o pela demoli\u00e7\u00e3o. Durante toda a opera\u00e7\u00e3o, o tr\u00e1fego permaneceu bloqueado para garantir a seguran\u00e7a na regi\u00e3o.<\/p>\n<p>Em nota, a Codesal informou que, com a libera\u00e7\u00e3o da via, equipes t\u00e9cnicas v\u00e3o vedar as portas e paredes remanescentes do primeiro andar do im\u00f3vel. A reabertura da Rua dos Perd\u00f5es ocorre a tempo do tradicional cortejo do 2 de Julho, que sair\u00e1 do Largo da Lapinha em dire\u00e7\u00e3o \u00e0 Pra\u00e7a do Campo Grande, passando pelo local.<\/p>\n","protected":false},"excerpt":{"rendered":"<p>A demoli\u00e7\u00e3o do casar\u00e3o que desabou parcialmente ap\u00f3s um inc\u00eandio no bairro Santo Ant\u00f4nio Al\u00e9m do Carmo, em Salvador, foi conclu\u00edda nesta segunda-feira (30). A opera\u00e7\u00e3o foi coordenada pela Defesa Civil de Salvador (Codesal), em parceria com a Secretaria Municipal de Desenvolvimento e Urbanismo (Sedur). Com o fim dos trabalhos, o tr\u00e2nsito na Rua dos [&hellip;]<\/p>\n","protected":false},"author":1,"featured_media":13260,"comment_status":"open","ping_status":"closed","sticky":false,"template":"","format":"standard","meta":{"jnews-multi-image_gallery":[],"jnews_single_post":[],"jnews_primary_category":[],"footnotes":""},"categories":[166],"tags":[],"class_list":["post-13258","post","type-post","status-publish","format-standard","has-post-thumbnail","hentry","category-codesal"],"_links":{"self":[{"href":"https:\/\/cbxonline.com.br\/index.php\/wp-json\/wp\/v2\/posts\/13258","targetHints":{"allow":["GET"]}}],"collection":[{"href":"https:\/\/cbxonline.com.br\/index.php\/wp-json\/wp\/v2\/posts"}],"about":[{"href":"https:\/\/cbxonline.com.br\/index.php\/wp-json\/wp\/v2\/types\/post"}],"author":[{"embeddable":true,"href":"https:\/\/cbxonline.com.br\/index.php\/wp-json\/wp\/v2\/users\/1"}],"replies":[{"embeddable":true,"href":"https:\/\/cbxonline.com.br\/index.php\/wp-json\/wp\/v2\/comments?post=13258"}],"version-history":[{"count":1,"href":"https:\/\/cbxonline.com.br\/index.php\/wp-json\/wp\/v2\/posts\/13258\/revisions"}],"predecessor-version":[{"id":13259,"href":"https:\/\/cbxonline.com.br\/index.php\/wp-json\/wp\/v2\/posts\/13258\/revisions\/13259"}],"wp:featuredmedia":[{"embeddable":true,"href":"https:\/\/cbxonline.com.br\/index.php\/wp-json\/wp\/v2\/media\/13260"}],"wp:attachment":[{"href":"https:\/\/cbxonline.com.br\/index.php\/wp-json\/wp\/v2\/media?parent=13258"}],"wp:term":[{"taxonomy":"category","embeddable":true,"href":"https:\/\/cbxonline.com.br\/index.php\/wp-json\/wp\/v2\/categories?post=13258"},{"taxonomy":"post_tag","embeddable":true,"href":"https:\/\/cbxonline.com.br\/index.php\/wp-json\/wp\/v2\/tags?post=13258"}],"curies":[{"name":"wp","href":"https:\/\/api.w.org\/{rel}","templated":true}]}}