{"id":13233,"date":"2025-06-27T12:06:34","date_gmt":"2025-06-27T15:06:34","guid":{"rendered":"https:\/\/cbxonline.com.br\/?p=13233"},"modified":"2025-06-27T12:06:34","modified_gmt":"2025-06-27T15:06:34","slug":"quatro-suspeitos-de-receptar-celulares-roubados-sao-presos-em-operacao-no-bairro-do-comercio","status":"publish","type":"post","link":"https:\/\/cbxonline.com.br\/index.php\/2025\/06\/27\/quatro-suspeitos-de-receptar-celulares-roubados-sao-presos-em-operacao-no-bairro-do-comercio\/","title":{"rendered":"Quatro suspeitos de receptar celulares roubados s\u00e3o presos em opera\u00e7\u00e3o no bairro do Com\u00e9rcio"},"content":{"rendered":"<p>Quatro homens foram presos em opera\u00e7\u00e3o da Pol\u00edcia Civil da Bahia, nesta quinta-feira (26), no bairro do Com\u00e9rcio, em Salvador. Batizada de M\u00e3ozinha, a a\u00e7\u00e3o mirou receptadores de celulares roubados em \u00f4nibus da capital baiana.<\/p>\n<p>Executada pela da Delegacia Especializada de Repress\u00e3o a Roubos em Coletivos (Dercc), a a\u00e7\u00e3o aconteceu na Pra\u00e7a Marechal Deodoro, conhecida como \u201cPra\u00e7a da M\u00e3ozinha\u201d. Os quatro suspeitos foram localizados, sendo dois deles autuados em flagrante, enquanto os outros possu\u00edam mandados de pris\u00e3o pelo crime de roubo. Um dos investigados \u00e9 foragido da Justi\u00e7a do estado de Minas Gerais.<\/p>\n<p>No local, foram apreendidos dez aparelhos celulares sem comprova\u00e7\u00e3o de proced\u00eancia. As dilig\u00eancias continuam para identificar outros poss\u00edveis envolvidos no esquema criminoso e desarticular a cadeia de recepta\u00e7\u00e3o e venda de celulares roubados em coletivos.<\/p>\n","protected":false},"excerpt":{"rendered":"<p>Quatro homens foram presos em opera\u00e7\u00e3o da Pol\u00edcia Civil da Bahia, nesta quinta-feira (26), no bairro do Com\u00e9rcio, em Salvador. Batizada de M\u00e3ozinha, a a\u00e7\u00e3o mirou receptadores de celulares roubados em \u00f4nibus da capital baiana. Executada pela da Delegacia Especializada de Repress\u00e3o a Roubos em Coletivos (Dercc), a a\u00e7\u00e3o aconteceu na Pra\u00e7a Marechal Deodoro, conhecida [&hellip;]<\/p>\n","protected":false},"author":1,"featured_media":13235,"comment_status":"open","ping_status":"closed","sticky":false,"template":"","format":"standard","meta":{"jnews-multi-image_gallery":[],"jnews_single_post":[],"jnews_primary_category":[],"footnotes":""},"categories":[105],"tags":[],"class_list":["post-13233","post","type-post","status-publish","format-standard","has-post-thumbnail","hentry","category-policia"],"_links":{"self":[{"href":"https:\/\/cbxonline.com.br\/index.php\/wp-json\/wp\/v2\/posts\/13233","targetHints":{"allow":["GET"]}}],"collection":[{"href":"https:\/\/cbxonline.com.br\/index.php\/wp-json\/wp\/v2\/posts"}],"about":[{"href":"https:\/\/cbxonline.com.br\/index.php\/wp-json\/wp\/v2\/types\/post"}],"author":[{"embeddable":true,"href":"https:\/\/cbxonline.com.br\/index.php\/wp-json\/wp\/v2\/users\/1"}],"replies":[{"embeddable":true,"href":"https:\/\/cbxonline.com.br\/index.php\/wp-json\/wp\/v2\/comments?post=13233"}],"version-history":[{"count":1,"href":"https:\/\/cbxonline.com.br\/index.php\/wp-json\/wp\/v2\/posts\/13233\/revisions"}],"predecessor-version":[{"id":13234,"href":"https:\/\/cbxonline.com.br\/index.php\/wp-json\/wp\/v2\/posts\/13233\/revisions\/13234"}],"wp:featuredmedia":[{"embeddable":true,"href":"https:\/\/cbxonline.com.br\/index.php\/wp-json\/wp\/v2\/media\/13235"}],"wp:attachment":[{"href":"https:\/\/cbxonline.com.br\/index.php\/wp-json\/wp\/v2\/media?parent=13233"}],"wp:term":[{"taxonomy":"category","embeddable":true,"href":"https:\/\/cbxonline.com.br\/index.php\/wp-json\/wp\/v2\/categories?post=13233"},{"taxonomy":"post_tag","embeddable":true,"href":"https:\/\/cbxonline.com.br\/index.php\/wp-json\/wp\/v2\/tags?post=13233"}],"curies":[{"name":"wp","href":"https:\/\/api.w.org\/{rel}","templated":true}]}}