{"id":13230,"date":"2025-06-26T17:05:10","date_gmt":"2025-06-26T20:05:10","guid":{"rendered":"https:\/\/cbxonline.com.br\/?p=13230"},"modified":"2025-06-26T17:05:11","modified_gmt":"2025-06-26T20:05:11","slug":"funceb-traz-bandas-filarmonicas-para-desfile-civico-2-de-julho-em-salvador","status":"publish","type":"post","link":"https:\/\/cbxonline.com.br\/index.php\/2025\/06\/26\/funceb-traz-bandas-filarmonicas-para-desfile-civico-2-de-julho-em-salvador\/","title":{"rendered":"Funceb traz Bandas Filarm\u00f4nicas para Desfile C\u00edvico 2 de Julho em Salvador"},"content":{"rendered":"<div class=\"conteudo_post\">\n<div class=\"x_elementToProof\">\n<div class=\"x_elementToProof\">\n<p>A partir das 8h do dia 2 de julho de 2025, 10 bandas filarm\u00f4nicas oriundas de diversas cidades baianas ir\u00e3o desfilar no cortejo em dire\u00e7\u00e3o ao Terreiro de Jesus, em Salvador, para celebrar os 202 anos de Independ\u00eancia do Brasil na Bahia.<\/p>\n<p>Reconhecidas pela notoriedade p\u00fablica como institui\u00e7\u00f5es representativas da cultura baiana, as Filarm\u00f4nicas se destacam com sua expressividade engajada nas tradi\u00e7\u00f5es locais, e uma fun\u00e7\u00e3o educacional respeitada por grandes artistas e professores do segmento da m\u00fasica erudita e popular. S\u00e3o uma manifesta\u00e7\u00e3o secular que mobiliza multid\u00f5es em suas apresenta\u00e7\u00f5es, garantindo a diversidade e a mem\u00f3ria musical da Bahia.<\/p>\n<p>Para que este legado seja preservado e fortalecido nas tradi\u00e7\u00f5es c\u00edvicas em torno da data magna da Bahia, \u00e9 que elas v\u00eam sendo selecionadas ao longo dos anos, atrav\u00e9s de chamamento p\u00fablico pela Funda\u00e7\u00e3o Cultural do Estado da Bahia, unidade vinculada \u00e0 Secult-BA.<\/p>\n<p>E, pela primeira vez participando do desfile na capital, estar\u00e3o a Sociedade Phylarm\u00f4nica Lyra Popular de Len\u00e7\u00f3is (Len\u00e7\u00f3is); Sociedade Filarm\u00f4nica Santa Cec\u00edlia (Palmeiras); Filarm\u00f4nica Ambiental (Cama\u00e7ari); Sociedade Filarm\u00f4nica Euterpe Cruzalmense (Cruz das Almas), Filarm\u00f4nica Terps\u00edcore Popular (Maragojipe) e Sociedade Filarm\u00f4nica Filhos de Apolo (Santo Amaro).<\/p>\n<p>As veteranas s\u00e3o a Filarm\u00f4nica Lyra Popular (Belmonte); Filarm\u00f4nica Minerva Cachoeirana (Cachoeira); Sociedade Filarm\u00f4nica Minerva (Morro do Chap\u00e9u) e a Sociedade Filarm\u00f4nica Lyra Popular (Castro Alves). S\u00e3o mais de 400 musicistas, dentre homens, mulheres, jovens e crian\u00e7as desfilando pelas ruas do Centro Hist\u00f3rico de Salvador.<\/p>\n<p>Para arcar com os custos de deslocamento de todas as bandas, o aux\u00edlio transporte para cada selecionada ser\u00e1 no valor de R$ 2 mil para bandas com sede com at\u00e9 200km de dist\u00e2ncia da capital, R$ 4 mil para bandas com sede com dist\u00e2ncia entre 201 e 400km da capital baiana e R$ 6 mil para bandas com sede com dist\u00e2ncia superior a 401km de Salvador.<\/p>\n<p>SERVI\u00c7O<\/p>\n<p>O qu\u00ea: Desfile Filarm\u00f4nicas da Bahia<\/p>\n<p>Quando: 2 de julho, a partir das 7h<\/p>\n<p>Onde: Concentra\u00e7\u00e3o no ICEIA<\/p>\n<p>Percurso: em dire\u00e7\u00e3o ao Terreiro de Jesus<\/p>\n<\/div>\n<\/div>\n<\/div>\n<div id=\"div-share\"><\/div>\n","protected":false},"excerpt":{"rendered":"<p>A partir das 8h do dia 2 de julho de 2025, 10 bandas filarm\u00f4nicas oriundas de diversas cidades baianas ir\u00e3o desfilar no cortejo em dire\u00e7\u00e3o ao Terreiro de Jesus, em Salvador, para celebrar os 202 anos de Independ\u00eancia do Brasil na Bahia. Reconhecidas pela notoriedade p\u00fablica como institui\u00e7\u00f5es representativas da cultura baiana, as Filarm\u00f4nicas se [&hellip;]<\/p>\n","protected":false},"author":1,"featured_media":13232,"comment_status":"open","ping_status":"closed","sticky":false,"template":"","format":"standard","meta":{"jnews-multi-image_gallery":[],"jnews_single_post":[],"jnews_primary_category":[],"footnotes":""},"categories":[85],"tags":[],"class_list":["post-13230","post","type-post","status-publish","format-standard","has-post-thumbnail","hentry","category-noticias"],"_links":{"self":[{"href":"https:\/\/cbxonline.com.br\/index.php\/wp-json\/wp\/v2\/posts\/13230","targetHints":{"allow":["GET"]}}],"collection":[{"href":"https:\/\/cbxonline.com.br\/index.php\/wp-json\/wp\/v2\/posts"}],"about":[{"href":"https:\/\/cbxonline.com.br\/index.php\/wp-json\/wp\/v2\/types\/post"}],"author":[{"embeddable":true,"href":"https:\/\/cbxonline.com.br\/index.php\/wp-json\/wp\/v2\/users\/1"}],"replies":[{"embeddable":true,"href":"https:\/\/cbxonline.com.br\/index.php\/wp-json\/wp\/v2\/comments?post=13230"}],"version-history":[{"count":1,"href":"https:\/\/cbxonline.com.br\/index.php\/wp-json\/wp\/v2\/posts\/13230\/revisions"}],"predecessor-version":[{"id":13231,"href":"https:\/\/cbxonline.com.br\/index.php\/wp-json\/wp\/v2\/posts\/13230\/revisions\/13231"}],"wp:featuredmedia":[{"embeddable":true,"href":"https:\/\/cbxonline.com.br\/index.php\/wp-json\/wp\/v2\/media\/13232"}],"wp:attachment":[{"href":"https:\/\/cbxonline.com.br\/index.php\/wp-json\/wp\/v2\/media?parent=13230"}],"wp:term":[{"taxonomy":"category","embeddable":true,"href":"https:\/\/cbxonline.com.br\/index.php\/wp-json\/wp\/v2\/categories?post=13230"},{"taxonomy":"post_tag","embeddable":true,"href":"https:\/\/cbxonline.com.br\/index.php\/wp-json\/wp\/v2\/tags?post=13230"}],"curies":[{"name":"wp","href":"https:\/\/api.w.org\/{rel}","templated":true}]}}